{"id":1285,"date":"2019-12-15T19:59:00","date_gmt":"2019-12-15T19:59:00","guid":{"rendered":"https:\/\/jf-carvoeira.pt\/pt\/?p=1285"},"modified":"2021-11-16T21:51:36","modified_gmt":"2021-11-16T21:51:36","slug":"novo-logotipo-da-carvoeira","status":"publish","type":"post","link":"https:\/\/jf-carvoeira.pt\/pt\/novo-logotipo-da-carvoeira\/","title":{"rendered":"Novo Logotipo da Carvoeira"},"content":{"rendered":"\t\t<div data-elementor-type=\"wp-post\" data-elementor-id=\"1285\" class=\"elementor elementor-1285\">\n\t\t\t\t\t\t<section class=\"elementor-section elementor-top-section elementor-element elementor-element-12f68679 elementor-section-content-middle elementor-section-boxed elementor-section-height-default elementor-section-height-default\" data-id=\"12f68679\" data-element_type=\"section\">\n\t\t\t\t\t\t<div class=\"elementor-container elementor-column-gap-no\">\n\t\t\t\t\t<div class=\"elementor-column elementor-col-50 elementor-top-column elementor-element elementor-element-78cd5842\" data-id=\"78cd5842\" data-element_type=\"column\">\n\t\t\t<div class=\"elementor-widget-wrap elementor-element-populated\">\n\t\t\t\t\t\t<div class=\"elementor-element elementor-element-44a28a0 elementor-widget elementor-widget-video\" data-id=\"44a28a0\" data-element_type=\"widget\" data-settings=\"{&quot;youtube_url&quot;:&quot;https:\\\/\\\/www.youtube.com\\\/watch?v=PO18sggT1n8&quot;,&quot;video_type&quot;:&quot;youtube&quot;,&quot;controls&quot;:&quot;yes&quot;}\" data-widget_type=\"video.default\">\n\t\t\t\t<div class=\"elementor-widget-container\">\n\t\t\t\t\t\t\t<div class=\"elementor-wrapper elementor-open-inline\">\n\t\t\t<div class=\"elementor-video\"><\/div>\t\t<\/div>\n\t\t\t\t\t\t<\/div>\n\t\t\t\t<\/div>\n\t\t\t\t\t<\/div>\n\t\t<\/div>\n\t\t\t\t<div class=\"elementor-column elementor-col-50 elementor-top-column elementor-element elementor-element-6f3e06c9\" data-id=\"6f3e06c9\" data-element_type=\"column\">\n\t\t\t<div class=\"elementor-widget-wrap elementor-element-populated\">\n\t\t\t\t\t\t<div class=\"elementor-element elementor-element-a63ce44 elementor-widget elementor-widget-text-editor\" data-id=\"a63ce44\" data-element_type=\"widget\" data-widget_type=\"text-editor.default\">\n\t\t\t\t<div class=\"elementor-widget-container\">\n\t\t\t\t\t\t\t\t\t<p>FREGUESIA DA CARVOEIRA<\/p>\t\t\t\t\t\t\t\t<\/div>\n\t\t\t\t<\/div>\n\t\t\t\t<div class=\"elementor-element elementor-element-b90d4c7 elementor-widget elementor-widget-heading\" data-id=\"b90d4c7\" data-element_type=\"widget\" data-widget_type=\"heading.default\">\n\t\t\t\t<div class=\"elementor-widget-container\">\n\t\t\t\t\t<h4 class=\"elementor-heading-title elementor-size-default\">Apresenta\u00e7\u00e3o do Novo Logotipo<\/h4>\t\t\t\t<\/div>\n\t\t\t\t<\/div>\n\t\t\t\t<div class=\"elementor-element elementor-element-244da738 elementor-widget elementor-widget-spacer\" data-id=\"244da738\" data-element_type=\"widget\" data-widget_type=\"spacer.default\">\n\t\t\t\t<div class=\"elementor-widget-container\">\n\t\t\t\t\t\t\t<div class=\"elementor-spacer\">\n\t\t\t<div class=\"elementor-spacer-inner\"><\/div>\n\t\t<\/div>\n\t\t\t\t\t\t<\/div>\n\t\t\t\t<\/div>\n\t\t\t\t<div class=\"elementor-element elementor-element-3fb028d1 elementor-widget elementor-widget-text-editor\" data-id=\"3fb028d1\" data-element_type=\"widget\" data-widget_type=\"text-editor.default\">\n\t\t\t\t<div class=\"elementor-widget-container\">\n\t\t\t\t\t\t\t\t\t<div class=\"elementor-element elementor-element-93dc9dc elementor-view-default elementor-vertical-align-top elementor-widget elementor-widget-icon-box\" data-id=\"93dc9dc\" data-element_type=\"widget\" data-widget_type=\"icon-box.default\"><div class=\"elementor-widget-container\"><div class=\"elementor-icon-box-wrapper\"><div class=\"elementor-icon-box-content\"><p style=\"text-align: left;\">A ideia de criar uma nova imagem para a Junta de Freguesia da Carvoeira j\u00e1 existia h\u00e1 muito tempo.<\/p><p style=\"text-align: left;\">Procur\u00e1vamos na nossas ra\u00edzes, na Carvoeira mais cosmopolita\u2026mas n\u00e3o encontr\u00e1vamos algo que fosse \u00fanico, moderno e surpreendente para todos, n\u00e3o quer\u00edamos mais do mesmo!<\/p><\/div><\/div><\/div><\/div>\t\t\t\t\t\t\t\t<\/div>\n\t\t\t\t<\/div>\n\t\t\t\t\t<\/div>\n\t\t<\/div>\n\t\t\t\t\t<\/div>\n\t\t<\/section>\n\t\t\t\t<section class=\"elementor-section elementor-top-section elementor-element elementor-element-17a3aa6 elementor-section-boxed elementor-section-height-default elementor-section-height-default\" data-id=\"17a3aa6\" data-element_type=\"section\">\n\t\t\t\t\t\t<div class=\"elementor-container elementor-column-gap-default\">\n\t\t\t\t\t<div class=\"elementor-column elementor-col-100 elementor-top-column elementor-element elementor-element-0529329\" data-id=\"0529329\" data-element_type=\"column\">\n\t\t\t<div class=\"elementor-widget-wrap elementor-element-populated\">\n\t\t\t\t\t\t<div class=\"elementor-element elementor-element-771baae elementor-widget elementor-widget-text-editor\" data-id=\"771baae\" data-element_type=\"widget\" data-widget_type=\"text-editor.default\">\n\t\t\t\t<div class=\"elementor-widget-container\">\n\t\t\t\t\t\t\t\t\t<div class=\"elementor-element elementor-element-93dc9dc elementor-view-default elementor-vertical-align-top elementor-widget elementor-widget-icon-box\" data-id=\"93dc9dc\" data-element_type=\"widget\" data-widget_type=\"icon-box.default\"><div class=\"elementor-widget-container\"><div class=\"elementor-icon-box-wrapper\"><div class=\"elementor-icon-box-content\"><p style=\"text-align: left;\">At\u00e9 que um dia a inspira\u00e7\u00e3o surgiu, depois de v\u00e1rias horas a analisar um territ\u00f3rio que inclu\u00eda esta freguesia, para preparar uma prova desportiva, Jo\u00e3o Amorim descobriu a forma em cora\u00e7\u00e3o que emoldura a localidade da Carvoeira.<\/p><p style=\"text-align: left;\">Estava assim encontrada a inspira\u00e7\u00e3o para o novo log\u00f3tipo da Freguesia da Carvoeira.<\/p><p style=\"text-align: left;\">Seria em forma de cora\u00e7\u00e3o com as cores do rio Lizandro, do Oceano Atl\u00e2ntico, da v\u00e1rzea da Senhora do \u00d3, das fal\u00e9zias das praias da Foz do Lizandro e S\u00e3o Juli\u00e3o. Na sua g\u00e9nese est\u00e1 um sentimento de uni\u00e3o, de perten\u00e7a, por isso, na sua apresenta\u00e7\u00e3o s\u00e3o nomeados todos os lugares que integram esta Freguesia, para que todos se sintam inclu\u00eddos dentro deste cora\u00e7\u00e3o!<\/p><p style=\"text-align: left;\">Entretanto, a ideia estava montada e foi apresentada ao Jos\u00e9 Calapez que a concretizou na perfei\u00e7\u00e3o.<\/p><p style=\"text-align: left;\">Quando algu\u00e9m consegue colocar em pr\u00e1tica uma ideia de outra pessoa acontece magia\u2026<\/p><\/div><\/div><\/div><\/div>\t\t\t\t\t\t\t\t<\/div>\n\t\t\t\t<\/div>\n\t\t\t\t\t<\/div>\n\t\t<\/div>\n\t\t\t\t\t<\/div>\n\t\t<\/section>\n\t\t\t\t<\/div>\n\t\t","protected":false},"excerpt":{"rendered":"<p>A ideia de criar uma nova imagem para a Junta de Freguesia da Carvoeira j\u00e1 existia h\u00e1 muito tempo.<\/p>\n","protected":false},"author":1,"featured_media":310,"comment_status":"closed","ping_status":"open","sticky":false,"template":"","format":"standard","meta":{"_acf_changed":false,"footnotes":""},"categories":[1],"tags":[],"class_list":["post-1285","post","type-post","status-publish","format-standard","has-post-thumbnail","hentry","category-sem-categoria"],"aioseo_notices":[],"acf":[],"_links":{"self":[{"href":"https:\/\/jf-carvoeira.pt\/pt\/wp-json\/wp\/v2\/posts\/1285","targetHints":{"allow":["GET"]}}],"collection":[{"href":"https:\/\/jf-carvoeira.pt\/pt\/wp-json\/wp\/v2\/posts"}],"about":[{"href":"https:\/\/jf-carvoeira.pt\/pt\/wp-json\/wp\/v2\/types\/post"}],"author":[{"embeddable":true,"href":"https:\/\/jf-carvoeira.pt\/pt\/wp-json\/wp\/v2\/users\/1"}],"replies":[{"embeddable":true,"href":"https:\/\/jf-carvoeira.pt\/pt\/wp-json\/wp\/v2\/comments?post=1285"}],"version-history":[{"count":6,"href":"https:\/\/jf-carvoeira.pt\/pt\/wp-json\/wp\/v2\/posts\/1285\/revisions"}],"predecessor-version":[{"id":1292,"href":"https:\/\/jf-carvoeira.pt\/pt\/wp-json\/wp\/v2\/posts\/1285\/revisions\/1292"}],"wp:featuredmedia":[{"embeddable":true,"href":"https:\/\/jf-carvoeira.pt\/pt\/wp-json\/wp\/v2\/media\/310"}],"wp:attachment":[{"href":"https:\/\/jf-carvoeira.pt\/pt\/wp-json\/wp\/v2\/media?parent=1285"}],"wp:term":[{"taxonomy":"category","embeddable":true,"href":"https:\/\/jf-carvoeira.pt\/pt\/wp-json\/wp\/v2\/categories?post=1285"},{"taxonomy":"post_tag","embeddable":true,"href":"https:\/\/jf-carvoeira.pt\/pt\/wp-json\/wp\/v2\/tags?post=1285"}],"curies":[{"name":"wp","href":"https:\/\/api.w.org\/{rel}","templated":true}]}}