{"id":1317,"date":"2021-11-29T15:51:34","date_gmt":"2021-11-29T15:51:34","guid":{"rendered":"https:\/\/jf-carvoeira.pt\/pt\/?p=1317"},"modified":"2021-11-29T16:30:05","modified_gmt":"2021-11-29T16:30:05","slug":"o-natal-esta-a-chegar","status":"publish","type":"post","link":"https:\/\/jf-carvoeira.pt\/pt\/o-natal-esta-a-chegar\/","title":{"rendered":"O Natal est\u00e1 a chegar&#8230;"},"content":{"rendered":"\t\t<div data-elementor-type=\"wp-post\" data-elementor-id=\"1317\" class=\"elementor elementor-1317\">\n\t\t\t\t\t\t<section class=\"elementor-section elementor-top-section elementor-element elementor-element-4cb183d8 elementor-section-content-middle elementor-section-boxed elementor-section-height-default elementor-section-height-default\" data-id=\"4cb183d8\" data-element_type=\"section\">\n\t\t\t\t\t\t<div class=\"elementor-container elementor-column-gap-no\">\n\t\t\t\t\t<div class=\"elementor-column elementor-col-50 elementor-top-column elementor-element elementor-element-3c853b54\" data-id=\"3c853b54\" data-element_type=\"column\">\n\t\t\t<div class=\"elementor-widget-wrap elementor-element-populated\">\n\t\t\t\t\t\t<div class=\"elementor-element elementor-element-27e317ec elementor-widget elementor-widget-image\" data-id=\"27e317ec\" data-element_type=\"widget\" data-widget_type=\"image.default\">\n\t\t\t\t<div class=\"elementor-widget-container\">\n\t\t\t\t\t\t\t\t\t\t\t\t\t\t\t<img fetchpriority=\"high\" decoding=\"async\" width=\"2560\" height=\"2560\" src=\"https:\/\/jf-carvoeira.pt\/pt\/wp-content\/uploads\/2021\/11\/20211128_205713-01-scaled.jpeg\" class=\"attachment-full size-full wp-image-1319\" alt=\"\" srcset=\"https:\/\/jf-carvoeira.pt\/pt\/wp-content\/uploads\/2021\/11\/20211128_205713-01-scaled.jpeg 2560w, https:\/\/jf-carvoeira.pt\/pt\/wp-content\/uploads\/2021\/11\/20211128_205713-01-300x300.jpeg 300w, https:\/\/jf-carvoeira.pt\/pt\/wp-content\/uploads\/2021\/11\/20211128_205713-01-1024x1024.jpeg 1024w, https:\/\/jf-carvoeira.pt\/pt\/wp-content\/uploads\/2021\/11\/20211128_205713-01-150x150.jpeg 150w, https:\/\/jf-carvoeira.pt\/pt\/wp-content\/uploads\/2021\/11\/20211128_205713-01-768x768.jpeg 768w, https:\/\/jf-carvoeira.pt\/pt\/wp-content\/uploads\/2021\/11\/20211128_205713-01-1536x1536.jpeg 1536w, https:\/\/jf-carvoeira.pt\/pt\/wp-content\/uploads\/2021\/11\/20211128_205713-01-2048x2048.jpeg 2048w\" sizes=\"(max-width: 2560px) 100vw, 2560px\" \/>\t\t\t\t\t\t\t\t\t\t\t\t\t\t\t<\/div>\n\t\t\t\t<\/div>\n\t\t\t\t\t<\/div>\n\t\t<\/div>\n\t\t\t\t<div class=\"elementor-column elementor-col-50 elementor-top-column elementor-element elementor-element-2241fc8a\" data-id=\"2241fc8a\" data-element_type=\"column\">\n\t\t\t<div class=\"elementor-widget-wrap elementor-element-populated\">\n\t\t\t\t\t\t<div class=\"elementor-element elementor-element-4c03c38a elementor-widget elementor-widget-text-editor\" data-id=\"4c03c38a\" data-element_type=\"widget\" data-widget_type=\"text-editor.default\">\n\t\t\t\t<div class=\"elementor-widget-container\">\n\t\t\t\t\t\t\t\t\t<p>O NATAL EST\u00c1 A CHEGAR<\/p>\t\t\t\t\t\t\t\t<\/div>\n\t\t\t\t<\/div>\n\t\t\t\t<div class=\"elementor-element elementor-element-1f2f3b75 elementor-widget elementor-widget-heading\" data-id=\"1f2f3b75\" data-element_type=\"widget\" data-widget_type=\"heading.default\">\n\t\t\t\t<div class=\"elementor-widget-container\">\n\t\t\t\t\t<h4 class=\"elementor-heading-title elementor-size-default\">\u00c1rvore de Natal Iluminada no Miradouro da Mina<\/h4>\t\t\t\t<\/div>\n\t\t\t\t<\/div>\n\t\t\t\t<div class=\"elementor-element elementor-element-1ced268a elementor-widget elementor-widget-spacer\" data-id=\"1ced268a\" data-element_type=\"widget\" data-widget_type=\"spacer.default\">\n\t\t\t\t<div class=\"elementor-widget-container\">\n\t\t\t\t\t\t\t<div class=\"elementor-spacer\">\n\t\t\t<div class=\"elementor-spacer-inner\"><\/div>\n\t\t<\/div>\n\t\t\t\t\t\t<\/div>\n\t\t\t\t<\/div>\n\t\t\t\t<div class=\"elementor-element elementor-element-3e972941 elementor-widget elementor-widget-text-editor\" data-id=\"3e972941\" data-element_type=\"widget\" data-widget_type=\"text-editor.default\">\n\t\t\t\t<div class=\"elementor-widget-container\">\n\t\t\t\t\t\t\t\t\t<div class=\"elementor-element elementor-element-93dc9dc elementor-view-default elementor-vertical-align-top elementor-widget elementor-widget-icon-box\" data-id=\"93dc9dc\" data-element_type=\"widget\" data-widget_type=\"icon-box.default\"><div class=\"elementor-widget-container\"><div class=\"elementor-icon-box-wrapper\"><div class=\"elementor-icon-box-content\"><p style=\"text-align: left;\"><span style=\"font-size: 1rem;\">O Natal est\u00e1 a chegar \u00e0 nossa freguesia e as luzes j\u00e1 cintilam ao ritmo do esp\u00edrito natal\u00edcio.<\/span><\/p><p style=\"text-align: left;\"><span style=\"font-size: 1rem;\"> Agora j\u00e1 pode visitar a nossa \u00c1rvore de Natal Iluminada, no espa\u00e7o do parque do Miradouro da Mina, em Fonte Boa da Brincosa.<\/span><\/p><p>\u00a0<\/p><\/div><\/div><\/div><\/div>\t\t\t\t\t\t\t\t<\/div>\n\t\t\t\t<\/div>\n\t\t\t\t\t<\/div>\n\t\t<\/div>\n\t\t\t\t\t<\/div>\n\t\t<\/section>\n\t\t\t\t<\/div>\n\t\t","protected":false},"excerpt":{"rendered":"<p>O Natal est\u00e1 a chegar \u00e0 nossa freguesia e as luzes j\u00e1 cintilam ao ritmo do esp\u00edrito natal\u00edcio.<\/p>\n","protected":false},"author":1,"featured_media":1319,"comment_status":"closed","ping_status":"open","sticky":false,"template":"","format":"standard","meta":{"_acf_changed":false,"footnotes":""},"categories":[1],"tags":[],"class_list":["post-1317","post","type-post","status-publish","format-standard","has-post-thumbnail","hentry","category-sem-categoria"],"aioseo_notices":[],"acf":[],"_links":{"self":[{"href":"https:\/\/jf-carvoeira.pt\/pt\/wp-json\/wp\/v2\/posts\/1317","targetHints":{"allow":["GET"]}}],"collection":[{"href":"https:\/\/jf-carvoeira.pt\/pt\/wp-json\/wp\/v2\/posts"}],"about":[{"href":"https:\/\/jf-carvoeira.pt\/pt\/wp-json\/wp\/v2\/types\/post"}],"author":[{"embeddable":true,"href":"https:\/\/jf-carvoeira.pt\/pt\/wp-json\/wp\/v2\/users\/1"}],"replies":[{"embeddable":true,"href":"https:\/\/jf-carvoeira.pt\/pt\/wp-json\/wp\/v2\/comments?post=1317"}],"version-history":[{"count":12,"href":"https:\/\/jf-carvoeira.pt\/pt\/wp-json\/wp\/v2\/posts\/1317\/revisions"}],"predecessor-version":[{"id":1331,"href":"https:\/\/jf-carvoeira.pt\/pt\/wp-json\/wp\/v2\/posts\/1317\/revisions\/1331"}],"wp:featuredmedia":[{"embeddable":true,"href":"https:\/\/jf-carvoeira.pt\/pt\/wp-json\/wp\/v2\/media\/1319"}],"wp:attachment":[{"href":"https:\/\/jf-carvoeira.pt\/pt\/wp-json\/wp\/v2\/media?parent=1317"}],"wp:term":[{"taxonomy":"category","embeddable":true,"href":"https:\/\/jf-carvoeira.pt\/pt\/wp-json\/wp\/v2\/categories?post=1317"},{"taxonomy":"post_tag","embeddable":true,"href":"https:\/\/jf-carvoeira.pt\/pt\/wp-json\/wp\/v2\/tags?post=1317"}],"curies":[{"name":"wp","href":"https:\/\/api.w.org\/{rel}","templated":true}]}}