{"id":3107,"date":"2023-07-03T10:59:33","date_gmt":"2023-07-03T10:59:33","guid":{"rendered":"https:\/\/jf-carvoeira.pt\/pt\/?p=3107"},"modified":"2023-07-03T11:31:51","modified_gmt":"2023-07-03T11:31:51","slug":"editais-2023","status":"publish","type":"post","link":"https:\/\/jf-carvoeira.pt\/pt\/editais-2023\/","title":{"rendered":"EDITAIS 2023"},"content":{"rendered":"\t\t<div data-elementor-type=\"wp-post\" data-elementor-id=\"3107\" class=\"elementor elementor-3107\">\n\t\t\t\t\t\t<section class=\"elementor-section elementor-top-section elementor-element elementor-element-68849356 elementor-section-content-middle elementor-section-boxed elementor-section-height-default elementor-section-height-default\" data-id=\"68849356\" data-element_type=\"section\">\n\t\t\t\t\t\t<div class=\"elementor-container elementor-column-gap-no\">\n\t\t\t\t\t<div class=\"elementor-column elementor-col-100 elementor-top-column elementor-element elementor-element-4111d87d\" data-id=\"4111d87d\" data-element_type=\"column\">\n\t\t\t<div class=\"elementor-widget-wrap elementor-element-populated\">\n\t\t\t\t\t\t<div class=\"elementor-element elementor-element-7517d7bd elementor-widget elementor-widget-spacer\" data-id=\"7517d7bd\" data-element_type=\"widget\" data-widget_type=\"spacer.default\">\n\t\t\t\t<div class=\"elementor-widget-container\">\n\t\t\t\t\t\t\t<div class=\"elementor-spacer\">\n\t\t\t<div class=\"elementor-spacer-inner\"><\/div>\n\t\t<\/div>\n\t\t\t\t\t\t<\/div>\n\t\t\t\t<\/div>\n\t\t\t\t<div class=\"elementor-element elementor-element-57ef1338 elementor-widget elementor-widget-heading\" data-id=\"57ef1338\" data-element_type=\"widget\" data-widget_type=\"heading.default\">\n\t\t\t\t<div class=\"elementor-widget-container\">\n\t\t\t\t\t<h4 class=\"elementor-heading-title elementor-size-default\">EDITAL N\u00ba 02\/2023<\/h4>\t\t\t\t<\/div>\n\t\t\t\t<\/div>\n\t\t\t\t<div class=\"elementor-element elementor-element-abc5bfd elementor-widget elementor-widget-spacer\" data-id=\"abc5bfd\" data-element_type=\"widget\" data-widget_type=\"spacer.default\">\n\t\t\t\t<div class=\"elementor-widget-container\">\n\t\t\t\t\t\t\t<div class=\"elementor-spacer\">\n\t\t\t<div class=\"elementor-spacer-inner\"><\/div>\n\t\t<\/div>\n\t\t\t\t\t\t<\/div>\n\t\t\t\t<\/div>\n\t\t\t\t<div class=\"elementor-element elementor-element-55ca015d elementor-widget elementor-widget-text-editor\" data-id=\"55ca015d\" data-element_type=\"widget\" data-widget_type=\"text-editor.default\">\n\t\t\t\t<div class=\"elementor-widget-container\">\n\t\t\t\t\t\t\t\t\t<div class=\"elementor-element elementor-element-93dc9dc elementor-view-default elementor-vertical-align-top elementor-widget elementor-widget-icon-box\" data-id=\"93dc9dc\" data-element_type=\"widget\" data-widget_type=\"icon-box.default\"><div class=\"elementor-widget-container\"><div class=\"elementor-icon-box-wrapper\"><div class=\"elementor-icon-box-content\"><div class=\"cxmmr5t8 oygrvhab hcukyx3x c1et5uql o9v6fnle ii04i59q\"><div dir=\"auto\" style=\"text-align: left;\"><p><strong>Andreia Filipa Louren\u00e7o Duarte, Presidente da Junta de Freguesia da Carvoeira<\/strong>, faz p\u00fablico que, a Junta de Freguesia da Carvoeira ir\u00e1 proceder \u00e0 <strong>aliena\u00e7\u00e3o<\/strong>, por <strong>hasta p\u00fablica<\/strong>, dos bens im\u00f3veis mencionados em documento anexo, sitos em <strong>Fonte Boa da Brincosa<\/strong> \u2013 Carvoeira.<\/p><p>O <strong>valor base de licita\u00e7\u00e3o<\/strong>, \u00e9 fixado tendo em conta a potencialidade do pr\u00e9dio.<\/p><p>As <strong>propostas<\/strong>, a elaborar nos termos do modelo anexo \u00e0s condi\u00e7\u00f5es gerais de aliena\u00e7\u00e3o, ser\u00e3o apresentadas em envelope fechado, <strong>at\u00e9 \u00e0s 17h00 do dia 18 de Julho de 2023<\/strong>, contra recibo, ou enviadas por correio atrav\u00e9s de carta registada com aviso de recep\u00e7\u00e3o, desde que, neste \u00faltimo caso, a recep\u00e7\u00e3o ocorra dentro do prazo.<\/p><p><strong>No dia 19 de Julho de 2023, pelas 14h30<\/strong>, no Edif\u00edcio sede da Junta de Freguesia da Carvoeira, <strong>proceder-se-\u00e1 \u00e0 abertura das propostas, em acto p\u00fablico<\/strong>.<\/p><p>As Condi\u00e7\u00f5es Gerais de Aliena\u00e7\u00e3o encontra-se dispon\u00edveis para consulta de 2\u00aa a 6\u00aa feira, das 09h00 \u00e0s 17h00, no Servi\u00e7o de Atendimento da Junta de Freguesia da Carvoeira, podendo ainda ser consultadas atrav\u00e9s desta p\u00e1gina electr\u00f3nica da Junta de Freguesia da Carvoeira.<\/p><p>Edital publicado nesta p\u00e1gina em 03 de Julho de 2023<\/p><\/div><\/div><\/div><\/div><\/div><\/div>\t\t\t\t\t\t\t\t<\/div>\n\t\t\t\t<\/div>\n\t\t\t\t<div class=\"elementor-element elementor-element-c1a4ba3 elementor-widget elementor-widget-spacer\" data-id=\"c1a4ba3\" data-element_type=\"widget\" data-widget_type=\"spacer.default\">\n\t\t\t\t<div class=\"elementor-widget-container\">\n\t\t\t\t\t\t\t<div class=\"elementor-spacer\">\n\t\t\t<div class=\"elementor-spacer-inner\"><\/div>\n\t\t<\/div>\n\t\t\t\t\t\t<\/div>\n\t\t\t\t<\/div>\n\t\t\t\t<div class=\"elementor-element elementor-element-7872cc9 elementor-widget elementor-widget-eael-adv-accordion\" data-id=\"7872cc9\" data-element_type=\"widget\" data-widget_type=\"eael-adv-accordion.default\">\n\t\t\t\t<div class=\"elementor-widget-container\">\n\t\t\t\t\t        <div class=\"eael-adv-accordion\" id=\"eael-adv-accordion-7872cc9\" data-scroll-on-click=\"no\" data-scroll-speed=\"300\" data-accordion-id=\"7872cc9\" data-accordion-type=\"accordion\" data-toogle-speed=\"300\">\n    <div class=\"eael-accordion-list\">\n                <div id=\"edital-n-022023\" class=\"elementor-tab-title eael-accordion-header\" tabindex=\"0\" data-tab=\"1\" aria-controls=\"elementor-tab-content-1261\"><span class=\"eael-advanced-accordion-icon-closed\"><i aria-hidden=\"true\" class=\"fa-accordion-icon fas fa-plus\"><\/i><\/span><span class=\"eael-advanced-accordion-icon-opened\"><i aria-hidden=\"true\" class=\"fa-accordion-icon fas fa-minus\"><\/i><\/span><span class=\"eael-accordion-tab-title\">Edital N\u00ba 02\/2023<\/span><i aria-hidden=\"true\" class=\"fa-toggle fas fa-angle-right\"><\/i><\/div><div id=\"elementor-tab-content-1261\" class=\"eael-accordion-content clearfix\" data-tab=\"1\" aria-labelledby=\"edital-n-022023\"><p><a href=\"https:\/\/www.jf-carvoeira.pt\/pt\/apoio\/ficheiros\/edital-2-2023.pdf\" target=\"_blank\" rel=\"noopener\">Consulte aqui a informa\u00e7\u00e3o constante no Edital N\u00ba 02\/2023<\/a><\/p><\/div>\n                <\/div><div class=\"eael-accordion-list\">\n                <div id=\"condies-gerais-de-alienao-por-hasta-pblica-de-imveis-na-freguesia-da-carvoeira\" class=\"elementor-tab-title eael-accordion-header\" tabindex=\"0\" data-tab=\"2\" aria-controls=\"elementor-tab-content-1262\"><span class=\"eael-advanced-accordion-icon-closed\"><i aria-hidden=\"true\" class=\"fa-accordion-icon fas fa-plus\"><\/i><\/span><span class=\"eael-advanced-accordion-icon-opened\"><i aria-hidden=\"true\" class=\"fa-accordion-icon fas fa-minus\"><\/i><\/span><span class=\"eael-accordion-tab-title\">Condi\u00e7\u00f5es Gerais de Aliena\u00e7\u00e3o por Hasta P\u00fablica de Im\u00f3veis na Freguesia da Carvoeira<\/span><i aria-hidden=\"true\" class=\"fa-toggle fas fa-angle-right\"><\/i><\/div><div id=\"elementor-tab-content-1262\" class=\"eael-accordion-content clearfix\" data-tab=\"2\" aria-labelledby=\"condies-gerais-de-alienao-por-hasta-pblica-de-imveis-na-freguesia-da-carvoeira\"><p><a href=\"https:\/\/www.jf-carvoeira.pt\/pt\/apoio\/ficheiros\/condicoes-gerais-alienacao-hastapublica-imoveis-carvoeira.pdf\" target=\"_blank\" rel=\"noopener\">Consulte aqui as Condi\u00e7\u00f5es Gerais de Aliena\u00e7\u00e3o por Hasta P\u00fablica de Im\u00f3veis na Freguesia da Carvoeira<\/a><\/p><\/div>\n                <\/div><\/div>\t\t\t\t<\/div>\n\t\t\t\t<\/div>\n\t\t\t\t\t<\/div>\n\t\t<\/div>\n\t\t\t\t\t<\/div>\n\t\t<\/section>\n\t\t\t\t<\/div>\n\t\t","protected":false},"excerpt":{"rendered":"<p>EDITAL N\u00ba 02\/2023 Andreia Filipa Louren\u00e7o Duarte, Presidente da Junta de Freguesia da Carvoeira, faz p\u00fablico que, a Junta de Freguesia da Carvoeira ir\u00e1 proceder \u00e0 aliena\u00e7\u00e3o, por hasta p\u00fablica, dos bens im\u00f3veis mencionados em documento anexo, sitos em Fonte Boa da Brincosa \u2013 Carvoeira. O valor base de licita\u00e7\u00e3o, \u00e9 fixado tendo em conta a potencialidade do pr\u00e9dio. As [&hellip;]<\/p>\n","protected":false},"author":1,"featured_media":0,"comment_status":"closed","ping_status":"open","sticky":false,"template":"","format":"standard","meta":{"_acf_changed":false,"footnotes":""},"categories":[24],"tags":[],"class_list":["post-3107","post","type-post","status-publish","format-standard","hentry","category-editais"],"aioseo_notices":[],"acf":[],"_links":{"self":[{"href":"https:\/\/jf-carvoeira.pt\/pt\/wp-json\/wp\/v2\/posts\/3107","targetHints":{"allow":["GET"]}}],"collection":[{"href":"https:\/\/jf-carvoeira.pt\/pt\/wp-json\/wp\/v2\/posts"}],"about":[{"href":"https:\/\/jf-carvoeira.pt\/pt\/wp-json\/wp\/v2\/types\/post"}],"author":[{"embeddable":true,"href":"https:\/\/jf-carvoeira.pt\/pt\/wp-json\/wp\/v2\/users\/1"}],"replies":[{"embeddable":true,"href":"https:\/\/jf-carvoeira.pt\/pt\/wp-json\/wp\/v2\/comments?post=3107"}],"version-history":[{"count":36,"href":"https:\/\/jf-carvoeira.pt\/pt\/wp-json\/wp\/v2\/posts\/3107\/revisions"}],"predecessor-version":[{"id":3146,"href":"https:\/\/jf-carvoeira.pt\/pt\/wp-json\/wp\/v2\/posts\/3107\/revisions\/3146"}],"wp:attachment":[{"href":"https:\/\/jf-carvoeira.pt\/pt\/wp-json\/wp\/v2\/media?parent=3107"}],"wp:term":[{"taxonomy":"category","embeddable":true,"href":"https:\/\/jf-carvoeira.pt\/pt\/wp-json\/wp\/v2\/categories?post=3107"},{"taxonomy":"post_tag","embeddable":true,"href":"https:\/\/jf-carvoeira.pt\/pt\/wp-json\/wp\/v2\/tags?post=3107"}],"curies":[{"name":"wp","href":"https:\/\/api.w.org\/{rel}","templated":true}]}}