{"id":2527,"date":"2025-11-19T12:48:07","date_gmt":"2025-11-19T12:48:07","guid":{"rendered":"https:\/\/jf-carvoeira.pt\/web\/?p=2527"},"modified":"2025-11-19T12:55:01","modified_gmt":"2025-11-19T12:55:01","slug":"associacao-farol-celebra-oito-anos","status":"publish","type":"post","link":"https:\/\/jf-carvoeira.pt\/web\/associacao-farol-celebra-oito-anos\/","title":{"rendered":"Associa\u00e7\u00e3o Farol celebra oito anos de dedica\u00e7\u00e3o ao pr\u00f3ximo"},"content":{"rendered":"\t\t<div data-elementor-type=\"wp-post\" data-elementor-id=\"2527\" class=\"elementor elementor-2527\">\n\t\t\t\t<div class=\"elementor-element elementor-element-2fe18984 e-flex e-con-boxed e-con e-parent\" data-id=\"2fe18984\" data-element_type=\"container\" data-e-type=\"container\">\n\t\t\t\t\t<div class=\"e-con-inner\">\n\t\t\t\t<div class=\"elementor-element elementor-element-bc75bd3 elementor-widget elementor-widget-text-editor\" data-id=\"bc75bd3\" data-element_type=\"widget\" data-e-type=\"widget\" data-widget_type=\"text-editor.default\">\n\t\t\t\t\t\t\t\t\t<div class=\"xdj266r x14z9mp xat24cr x1lziwak x1vvkbs x126k92a\"><div dir=\"auto\">Celebr\u00e1mos no passado domingo o oitavo anivers\u00e1rio da Associa\u00e7\u00e3o Farol, numa cerim\u00f3nia marcada pela proximidade e pelo esp\u00edrito comunit\u00e1rio.<\/div><div dir=\"auto\">O evento contou com a presen\u00e7a da Dra. Carmo Dinis, Diretora Executiva da C\u00e1ritas Diocesana de Lisboa e tamb\u00e9m do sr. Presidente da C\u00e2mara Municipal de Mafra.<\/div><div dir=\"auto\">\u00a0<\/div><\/div><div class=\"x14z9mp xat24cr x1lziwak x1vvkbs xtlvy1s x126k92a\"><div dir=\"auto\">A Junta de Freguesia da Carvoeira esteve representada neste momento especial, que incluiu algumas atua\u00e7\u00f5es musicais e, como n\u00e3o podia faltar, o bolo de anivers\u00e1rio partilhado entre todos os presentes.<\/div><div dir=\"auto\">\u00a0<\/div><\/div><div class=\"x14z9mp xat24cr x1lziwak x1vvkbs xtlvy1s x126k92a\"><div dir=\"auto\">Um agradecimento muito especial a todos os volunt\u00e1rios da Associa\u00e7\u00e3o Farol, cuja dedica\u00e7\u00e3o di\u00e1ria garante um servi\u00e7o essencial a quem mais necessita, tanto na zona da Ericeira como na Carvoeira. O vosso trabalho \u00e9 a verdadeira luz que guia esta miss\u00e3o.<\/div><div dir=\"auto\">\u00a0<\/div><\/div><div class=\"x14z9mp xat24cr x1lziwak x1vvkbs xtlvy1s x126k92a\"><div dir=\"auto\">Parab\u00e9ns \u00e0 Associa\u00e7\u00e3o Farol por estes oito anos de entrega e votos de muitos mais anos de sucesso e solidariedade!<\/div><\/div>\t\t\t\t\t\t\t\t<\/div>\n\t\t\t\t\t<\/div>\n\t\t\t\t<\/div>\n\t\t\t\t<\/div>\n\t\t","protected":false},"excerpt":{"rendered":"<p>Celebr\u00e1mos no passado domingo o oitavo anivers\u00e1rio da Associa\u00e7\u00e3o Farol, numa cerim\u00f3nia marcada pela proximidade e pelo esp\u00edrito comunit\u00e1rio.<br \/>\nO evento contou com a presen\u00e7a da Dra. Carmo Dinis, Diretora Executiva da C\u00e1ritas Diocesana de Lisboa e tamb\u00e9m do sr. Presidente da C\u00e2mara Municipal de Mafra.<\/p>\n","protected":false},"author":1,"featured_media":2532,"comment_status":"closed","ping_status":"open","sticky":false,"template":"","format":"standard","meta":{"footnotes":""},"categories":[25],"tags":[],"class_list":["post-2527","post","type-post","status-publish","format-standard","has-post-thumbnail","hentry","category-informacoes"],"_links":{"self":[{"href":"https:\/\/jf-carvoeira.pt\/web\/wp-json\/wp\/v2\/posts\/2527","targetHints":{"allow":["GET"]}}],"collection":[{"href":"https:\/\/jf-carvoeira.pt\/web\/wp-json\/wp\/v2\/posts"}],"about":[{"href":"https:\/\/jf-carvoeira.pt\/web\/wp-json\/wp\/v2\/types\/post"}],"author":[{"embeddable":true,"href":"https:\/\/jf-carvoeira.pt\/web\/wp-json\/wp\/v2\/users\/1"}],"replies":[{"embeddable":true,"href":"https:\/\/jf-carvoeira.pt\/web\/wp-json\/wp\/v2\/comments?post=2527"}],"version-history":[{"count":7,"href":"https:\/\/jf-carvoeira.pt\/web\/wp-json\/wp\/v2\/posts\/2527\/revisions"}],"predecessor-version":[{"id":2536,"href":"https:\/\/jf-carvoeira.pt\/web\/wp-json\/wp\/v2\/posts\/2527\/revisions\/2536"}],"wp:featuredmedia":[{"embeddable":true,"href":"https:\/\/jf-carvoeira.pt\/web\/wp-json\/wp\/v2\/media\/2532"}],"wp:attachment":[{"href":"https:\/\/jf-carvoeira.pt\/web\/wp-json\/wp\/v2\/media?parent=2527"}],"wp:term":[{"taxonomy":"category","embeddable":true,"href":"https:\/\/jf-carvoeira.pt\/web\/wp-json\/wp\/v2\/categories?post=2527"},{"taxonomy":"post_tag","embeddable":true,"href":"https:\/\/jf-carvoeira.pt\/web\/wp-json\/wp\/v2\/tags?post=2527"}],"curies":[{"name":"wp","href":"https:\/\/api.w.org\/{rel}","templated":true}]}}