{"id":2583,"date":"2025-11-13T10:10:10","date_gmt":"2025-11-13T10:10:10","guid":{"rendered":"https:\/\/jf-carvoeira.pt\/web\/?p=2583"},"modified":"2025-11-25T12:59:12","modified_gmt":"2025-11-25T12:59:12","slug":"intervencao-melhoramentos-carvoeira-2","status":"publish","type":"post","link":"https:\/\/jf-carvoeira.pt\/web\/intervencao-melhoramentos-carvoeira-2\/","title":{"rendered":"Interven\u00e7\u00e3o de Melhoramentos na Carvoeira"},"content":{"rendered":"\t\t<div data-elementor-type=\"wp-post\" data-elementor-id=\"2583\" class=\"elementor elementor-2583\">\n\t\t\t\t<div class=\"elementor-element elementor-element-2fe18984 e-flex e-con-boxed e-con e-parent\" data-id=\"2fe18984\" data-element_type=\"container\" data-e-type=\"container\">\n\t\t\t\t\t<div class=\"e-con-inner\">\n\t\t\t\t<div class=\"elementor-element elementor-element-bc75bd3 elementor-widget elementor-widget-text-editor\" data-id=\"bc75bd3\" data-element_type=\"widget\" data-e-type=\"widget\" data-widget_type=\"text-editor.default\">\n\t\t\t\t\t\t\t\t\t<div class=\"xdj266r x14z9mp xat24cr x1lziwak x1vvkbs x126k92a\"><div dir=\"auto\"><div class=\"x14z9mp xat24cr x1lziwak x1vvkbs xtlvy1s x126k92a\"><div dir=\"auto\"><div class=\"x14z9mp xat24cr x1lziwak x1vvkbs xtlvy1s x126k92a\"><div dir=\"auto\"><div class=\"x14z9mp xat24cr x1lziwak x1vvkbs xtlvy1s x126k92a\"><div dir=\"auto\"><div class=\"x14z9mp xat24cr x1lziwak x1vvkbs xtlvy1s x126k92a\"><div dir=\"auto\"><div class=\"x14z9mp xat24cr x1lziwak x1vvkbs xtlvy1s x126k92a\"><div dir=\"auto\">A Junta de Freguesia da Carvoeira est\u00e1 a realizar uma pequena interven\u00e7\u00e3o junto \u00e0 Estrada Nacional 247, com o objetivo de melhorar o acesso ao caixote do lixo e garantir maior seguran\u00e7a e comodidade para residentes e servi\u00e7os de recolha de res\u00edduos.<\/div><div dir=\"auto\">\u00a0<\/div><\/div><div class=\"x14z9mp xat24cr x1lziwak x1vvkbs xtlvy1s x126k92a\"><div dir=\"auto\">Paralelamente, foram tamb\u00e9m melhorados os encaminhamentos das \u00e1guas pluviais nesta zona, contribuindo para o bom escoamento e preserva\u00e7\u00e3o das infraestruturas.<\/div><div dir=\"auto\">\u00a0<\/div><\/div><div class=\"x14z9mp xat24cr x1lziwak x1vvkbs xtlvy1s x126k92a\"><div dir=\"auto\">Apesar de se tratar de uma \u00e1rea sob jurisdi\u00e7\u00e3o das Infraestruturas de Portugal, consider\u00e1mos essencial e urgente responder com prontid\u00e3o \u00e0s necessidades da popula\u00e7\u00e3o, assegurando uma interven\u00e7\u00e3o segura e adequada.<\/div><\/div><\/div><\/div><\/div><\/div><\/div><\/div><\/div><\/div><\/div><\/div>\t\t\t\t\t\t\t\t<\/div>\n\t\t\t\t\t<\/div>\n\t\t\t\t<\/div>\n\t\t\t\t<\/div>\n\t\t","protected":false},"excerpt":{"rendered":"<p>A Junta de Freguesia da Carvoeira est\u00e1 a realizar uma pequena interven\u00e7\u00e3o junto \u00e0 Estrada Nacional 247, com o objetivo de melhorar o acesso ao caixote do lixo e garantir maior seguran\u00e7a e comodidade para residentes e servi\u00e7os de recolha de res\u00edduos.<\/p>\n","protected":false},"author":1,"featured_media":2588,"comment_status":"closed","ping_status":"open","sticky":false,"template":"","format":"standard","meta":{"footnotes":""},"categories":[25],"tags":[],"class_list":["post-2583","post","type-post","status-publish","format-standard","has-post-thumbnail","hentry","category-informacoes"],"_links":{"self":[{"href":"https:\/\/jf-carvoeira.pt\/web\/wp-json\/wp\/v2\/posts\/2583","targetHints":{"allow":["GET"]}}],"collection":[{"href":"https:\/\/jf-carvoeira.pt\/web\/wp-json\/wp\/v2\/posts"}],"about":[{"href":"https:\/\/jf-carvoeira.pt\/web\/wp-json\/wp\/v2\/types\/post"}],"author":[{"embeddable":true,"href":"https:\/\/jf-carvoeira.pt\/web\/wp-json\/wp\/v2\/users\/1"}],"replies":[{"embeddable":true,"href":"https:\/\/jf-carvoeira.pt\/web\/wp-json\/wp\/v2\/comments?post=2583"}],"version-history":[{"count":5,"href":"https:\/\/jf-carvoeira.pt\/web\/wp-json\/wp\/v2\/posts\/2583\/revisions"}],"predecessor-version":[{"id":2590,"href":"https:\/\/jf-carvoeira.pt\/web\/wp-json\/wp\/v2\/posts\/2583\/revisions\/2590"}],"wp:featuredmedia":[{"embeddable":true,"href":"https:\/\/jf-carvoeira.pt\/web\/wp-json\/wp\/v2\/media\/2588"}],"wp:attachment":[{"href":"https:\/\/jf-carvoeira.pt\/web\/wp-json\/wp\/v2\/media?parent=2583"}],"wp:term":[{"taxonomy":"category","embeddable":true,"href":"https:\/\/jf-carvoeira.pt\/web\/wp-json\/wp\/v2\/categories?post=2583"},{"taxonomy":"post_tag","embeddable":true,"href":"https:\/\/jf-carvoeira.pt\/web\/wp-json\/wp\/v2\/tags?post=2583"}],"curies":[{"name":"wp","href":"https:\/\/api.w.org\/{rel}","templated":true}]}}