{"id":3051,"date":"2025-12-07T20:00:25","date_gmt":"2025-12-07T20:00:25","guid":{"rendered":"https:\/\/jf-carvoeira.pt\/web\/?p=3051"},"modified":"2025-12-11T11:45:22","modified_gmt":"2025-12-11T11:45:22","slug":"desfile-natal-tratores-moto4","status":"publish","type":"post","link":"https:\/\/jf-carvoeira.pt\/web\/desfile-natal-tratores-moto4\/","title":{"rendered":"Desfile de Natal em Tratores e Moto4"},"content":{"rendered":"\t\t<div data-elementor-type=\"wp-post\" data-elementor-id=\"3051\" class=\"elementor elementor-3051\">\n\t\t\t\t<div class=\"elementor-element elementor-element-2fe18984 e-flex e-con-boxed e-con e-parent\" data-id=\"2fe18984\" data-element_type=\"container\" data-e-type=\"container\">\n\t\t\t\t\t<div class=\"e-con-inner\">\n\t\t\t\t<div class=\"elementor-element elementor-element-bc75bd3 elementor-widget elementor-widget-text-editor\" data-id=\"bc75bd3\" data-element_type=\"widget\" data-e-type=\"widget\" data-widget_type=\"text-editor.default\">\n\t\t\t\t\t\t\t\t\t<div class=\"xdj266r x14z9mp xat24cr x1lziwak x1vvkbs x126k92a\"><div dir=\"auto\"><div class=\"x14z9mp xat24cr x1lziwak x1vvkbs xtlvy1s x126k92a\"><div dir=\"auto\"><div class=\"x14z9mp xat24cr x1lziwak x1vvkbs xtlvy1s x126k92a\"><div dir=\"auto\"><div class=\"x14z9mp xat24cr x1lziwak x1vvkbs xtlvy1s x126k92a\"><div dir=\"auto\"><div class=\"x14z9mp xat24cr x1lziwak x1vvkbs xtlvy1s x126k92a\"><div dir=\"auto\"><div class=\"x14z9mp xat24cr x1lziwak x1vvkbs xtlvy1s x126k92a\"><div dir=\"auto\">Realizou-se mais um Desfile de Natal em Tratores e Motos4 na Freguesia da Carvoeira, numa actividade que reuniu diversas fam\u00edlias e grupos de amigos que assim quiseram participar neste desfile de Natal, que de uma forma divertida percorreu toda a freguesia.<\/div><div dir=\"auto\">\u00a0<\/div><\/div><div class=\"x14z9mp xat24cr x1lziwak x1vvkbs xtlvy1s x126k92a\"><div dir=\"auto\">Foi uma tarde animada que terminou no Mercado de Natal a decorrer no Adro da Igreja de Nossa Senhora do \u00d3, em ambiente de festa e anima\u00e7\u00e3o.<\/div><\/div><\/div><\/div><\/div><\/div><\/div><\/div><\/div><\/div><\/div><\/div>\t\t\t\t\t\t\t\t<\/div>\n\t\t\t\t\t<\/div>\n\t\t\t\t<\/div>\n\t\t\t\t<\/div>\n\t\t","protected":false},"excerpt":{"rendered":"<p>Realizou-se mais um Desfile de Natal em Tratores e Motos4 na Freguesia da Carvoeira, numa actividade que reuniu diversas fam\u00edlias e grupos de amigos<\/p>\n","protected":false},"author":1,"featured_media":3059,"comment_status":"closed","ping_status":"open","sticky":false,"template":"","format":"standard","meta":{"footnotes":""},"categories":[25],"tags":[],"class_list":["post-3051","post","type-post","status-publish","format-standard","has-post-thumbnail","hentry","category-informacoes"],"_links":{"self":[{"href":"https:\/\/jf-carvoeira.pt\/web\/wp-json\/wp\/v2\/posts\/3051","targetHints":{"allow":["GET"]}}],"collection":[{"href":"https:\/\/jf-carvoeira.pt\/web\/wp-json\/wp\/v2\/posts"}],"about":[{"href":"https:\/\/jf-carvoeira.pt\/web\/wp-json\/wp\/v2\/types\/post"}],"author":[{"embeddable":true,"href":"https:\/\/jf-carvoeira.pt\/web\/wp-json\/wp\/v2\/users\/1"}],"replies":[{"embeddable":true,"href":"https:\/\/jf-carvoeira.pt\/web\/wp-json\/wp\/v2\/comments?post=3051"}],"version-history":[{"count":8,"href":"https:\/\/jf-carvoeira.pt\/web\/wp-json\/wp\/v2\/posts\/3051\/revisions"}],"predecessor-version":[{"id":3060,"href":"https:\/\/jf-carvoeira.pt\/web\/wp-json\/wp\/v2\/posts\/3051\/revisions\/3060"}],"wp:featuredmedia":[{"embeddable":true,"href":"https:\/\/jf-carvoeira.pt\/web\/wp-json\/wp\/v2\/media\/3059"}],"wp:attachment":[{"href":"https:\/\/jf-carvoeira.pt\/web\/wp-json\/wp\/v2\/media?parent=3051"}],"wp:term":[{"taxonomy":"category","embeddable":true,"href":"https:\/\/jf-carvoeira.pt\/web\/wp-json\/wp\/v2\/categories?post=3051"},{"taxonomy":"post_tag","embeddable":true,"href":"https:\/\/jf-carvoeira.pt\/web\/wp-json\/wp\/v2\/tags?post=3051"}],"curies":[{"name":"wp","href":"https:\/\/api.w.org\/{rel}","templated":true}]}}