{"id":3061,"date":"2025-12-08T10:10:25","date_gmt":"2025-12-08T10:10:25","guid":{"rendered":"https:\/\/jf-carvoeira.pt\/web\/?p=3061"},"modified":"2025-12-11T11:51:38","modified_gmt":"2025-12-11T11:51:38","slug":"primeiro-mercado-natal-carvoeira","status":"publish","type":"post","link":"https:\/\/jf-carvoeira.pt\/web\/primeiro-mercado-natal-carvoeira\/","title":{"rendered":"Decorreu o 1\u00ba Mercado de Natal da Carvoeira"},"content":{"rendered":"\t\t<div data-elementor-type=\"wp-post\" data-elementor-id=\"3061\" class=\"elementor elementor-3061\">\n\t\t\t\t<div class=\"elementor-element elementor-element-2fe18984 e-flex e-con-boxed e-con e-parent\" data-id=\"2fe18984\" data-element_type=\"container\" data-e-type=\"container\">\n\t\t\t\t\t<div class=\"e-con-inner\">\n\t\t\t\t<div class=\"elementor-element elementor-element-bc75bd3 elementor-widget elementor-widget-text-editor\" data-id=\"bc75bd3\" data-element_type=\"widget\" data-e-type=\"widget\" data-widget_type=\"text-editor.default\">\n\t\t\t\t\t\t\t\t\t<div class=\"xdj266r x14z9mp xat24cr x1lziwak x1vvkbs x126k92a\"><div dir=\"auto\"><div class=\"x14z9mp xat24cr x1lziwak x1vvkbs xtlvy1s x126k92a\"><div dir=\"auto\"><div class=\"x14z9mp xat24cr x1lziwak x1vvkbs xtlvy1s x126k92a\"><div dir=\"auto\"><div class=\"x14z9mp xat24cr x1lziwak x1vvkbs xtlvy1s x126k92a\"><div dir=\"auto\"><div class=\"x14z9mp xat24cr x1lziwak x1vvkbs xtlvy1s x126k92a\"><div dir=\"auto\"><div class=\"x14z9mp xat24cr x1lziwak x1vvkbs xtlvy1s x126k92a\"><div dir=\"auto\">Decorreu no passado fim de semana o 1.\u00ba Mercado de Natal da Carvoeira, no adro da Igreja de Nossa Senhora do \u00d3, um espa\u00e7o \u00fanico de encontro, tradi\u00e7\u00e3o e alegria para toda a comunidade.<\/div><\/div><div class=\"x14z9mp xat24cr x1lziwak x1vvkbs xtlvy1s x126k92a\"><div dir=\"auto\">Durante todo o fim de semana, esteve dispon\u00edvel um programa especial que encantou mi\u00fados e gra\u00fados.<\/div><div dir=\"auto\">\u00a0<\/div><\/div><div class=\"x14z9mp xat24cr x1lziwak x1vvkbs xtlvy1s x126k92a\"><div dir=\"auto\">Foi um momento para celebrar em fam\u00edlia, apoiar o com\u00e9rcio local e viver o esp\u00edrito natal\u00edcio no cora\u00e7\u00e3o da Carvoeira.<\/div><\/div><\/div><\/div><\/div><\/div><\/div><\/div><\/div><\/div><\/div><\/div>\t\t\t\t\t\t\t\t<\/div>\n\t\t\t\t\t<\/div>\n\t\t\t\t<\/div>\n\t\t\t\t<\/div>\n\t\t","protected":false},"excerpt":{"rendered":"<p>Decorreu no passado fim de semana o 1.\u00ba Mercado de Natal da Carvoeira, no adro da Igreja de Nossa Senhora do \u00d3<\/p>\n","protected":false},"author":1,"featured_media":3069,"comment_status":"closed","ping_status":"open","sticky":false,"template":"","format":"standard","meta":{"footnotes":""},"categories":[25],"tags":[],"class_list":["post-3061","post","type-post","status-publish","format-standard","has-post-thumbnail","hentry","category-informacoes"],"_links":{"self":[{"href":"https:\/\/jf-carvoeira.pt\/web\/wp-json\/wp\/v2\/posts\/3061","targetHints":{"allow":["GET"]}}],"collection":[{"href":"https:\/\/jf-carvoeira.pt\/web\/wp-json\/wp\/v2\/posts"}],"about":[{"href":"https:\/\/jf-carvoeira.pt\/web\/wp-json\/wp\/v2\/types\/post"}],"author":[{"embeddable":true,"href":"https:\/\/jf-carvoeira.pt\/web\/wp-json\/wp\/v2\/users\/1"}],"replies":[{"embeddable":true,"href":"https:\/\/jf-carvoeira.pt\/web\/wp-json\/wp\/v2\/comments?post=3061"}],"version-history":[{"count":8,"href":"https:\/\/jf-carvoeira.pt\/web\/wp-json\/wp\/v2\/posts\/3061\/revisions"}],"predecessor-version":[{"id":3070,"href":"https:\/\/jf-carvoeira.pt\/web\/wp-json\/wp\/v2\/posts\/3061\/revisions\/3070"}],"wp:featuredmedia":[{"embeddable":true,"href":"https:\/\/jf-carvoeira.pt\/web\/wp-json\/wp\/v2\/media\/3069"}],"wp:attachment":[{"href":"https:\/\/jf-carvoeira.pt\/web\/wp-json\/wp\/v2\/media?parent=3061"}],"wp:term":[{"taxonomy":"category","embeddable":true,"href":"https:\/\/jf-carvoeira.pt\/web\/wp-json\/wp\/v2\/categories?post=3061"},{"taxonomy":"post_tag","embeddable":true,"href":"https:\/\/jf-carvoeira.pt\/web\/wp-json\/wp\/v2\/tags?post=3061"}],"curies":[{"name":"wp","href":"https:\/\/api.w.org\/{rel}","templated":true}]}}