{"id":3071,"date":"2025-12-02T20:00:15","date_gmt":"2025-12-02T20:00:15","guid":{"rendered":"https:\/\/jf-carvoeira.pt\/web\/?p=3071"},"modified":"2025-12-11T12:04:37","modified_gmt":"2025-12-11T12:04:37","slug":"10-anos-academia-musica-sinfonias","status":"publish","type":"post","link":"https:\/\/jf-carvoeira.pt\/web\/10-anos-academia-musica-sinfonias\/","title":{"rendered":"Academia de M\u00fasica Sinfonias celebra 10 anos"},"content":{"rendered":"\t\t<div data-elementor-type=\"wp-post\" data-elementor-id=\"3071\" class=\"elementor elementor-3071\">\n\t\t\t\t<div class=\"elementor-element elementor-element-2fe18984 e-flex e-con-boxed e-con e-parent\" data-id=\"2fe18984\" data-element_type=\"container\" data-e-type=\"container\">\n\t\t\t\t\t<div class=\"e-con-inner\">\n\t\t\t\t<div class=\"elementor-element elementor-element-bc75bd3 elementor-widget elementor-widget-text-editor\" data-id=\"bc75bd3\" data-element_type=\"widget\" data-e-type=\"widget\" data-widget_type=\"text-editor.default\">\n\t\t\t\t\t\t\t\t\t<div class=\"xdj266r x14z9mp xat24cr x1lziwak x1vvkbs x126k92a\"><div dir=\"auto\"><div class=\"x14z9mp xat24cr x1lziwak x1vvkbs xtlvy1s x126k92a\"><div dir=\"auto\"><div class=\"x14z9mp xat24cr x1lziwak x1vvkbs xtlvy1s x126k92a\"><div dir=\"auto\"><div class=\"x14z9mp xat24cr x1lziwak x1vvkbs xtlvy1s x126k92a\"><div dir=\"auto\"><div class=\"x14z9mp xat24cr x1lziwak x1vvkbs xtlvy1s x126k92a\"><div dir=\"auto\"><!--StartFragment --><p>No passado dia 2 de dezembro, a Casa da Cultura Jaime Lobo e Silva, na Ericeira, recebeu o concerto comemorativo do 10\u00ba anivers\u00e1rio da Academia de M\u00fasica SINFONIAS.<\/p><p>Este projeto, que ao longo de uma d\u00e9cada apoiou e formou in\u00fameros alunos nos mais diversos instrumentos, contou desde o in\u00edcio com o apoio da Junta de Freguesia da Carvoeira, sendo um desafio lan\u00e7ado pela ent\u00e3o presidente de junta, Andreia Duarte.<\/p><p>Como gesto de reconhecimento e agradecimento, Andreia Duarte \u2014 atual presidente da Assembleia de Freguesia \u2014 ofereceu \u00e0 Academia um dos s\u00edmbolos da nossa freguesia: uma escultura de um guarda-rios, representando prote\u00e7\u00e3o e identidade cultural.<\/p><p>A Junta de Freguesia da Carvoeira congratula a Academia de M\u00fasica SINFONIAS por esta d\u00e9cada de dedica\u00e7\u00e3o e sucesso, desejando que continue a inspirar e formar novas gera\u00e7\u00f5es atrav\u00e9s da m\u00fasica.<\/p><!--EndFragment --><\/div><\/div><\/div><\/div><\/div><\/div><\/div><\/div><\/div><\/div>\t\t\t\t\t\t\t\t<\/div>\n\t\t\t\t\t<\/div>\n\t\t\t\t<\/div>\n\t\t\t\t<\/div>\n\t\t","protected":false},"excerpt":{"rendered":"<p>No passado dia 2 de dezembro, a Casa da Cultura Jaime Lobo e Silva, na Ericeira, recebeu o concerto comemorativo do 10\u00ba anivers\u00e1rio da Academia de M\u00fasica SINFONIAS.<\/p>\n","protected":false},"author":1,"featured_media":3079,"comment_status":"closed","ping_status":"open","sticky":false,"template":"","format":"standard","meta":{"footnotes":""},"categories":[25],"tags":[],"class_list":["post-3071","post","type-post","status-publish","format-standard","has-post-thumbnail","hentry","category-informacoes"],"_links":{"self":[{"href":"https:\/\/jf-carvoeira.pt\/web\/wp-json\/wp\/v2\/posts\/3071","targetHints":{"allow":["GET"]}}],"collection":[{"href":"https:\/\/jf-carvoeira.pt\/web\/wp-json\/wp\/v2\/posts"}],"about":[{"href":"https:\/\/jf-carvoeira.pt\/web\/wp-json\/wp\/v2\/types\/post"}],"author":[{"embeddable":true,"href":"https:\/\/jf-carvoeira.pt\/web\/wp-json\/wp\/v2\/users\/1"}],"replies":[{"embeddable":true,"href":"https:\/\/jf-carvoeira.pt\/web\/wp-json\/wp\/v2\/comments?post=3071"}],"version-history":[{"count":8,"href":"https:\/\/jf-carvoeira.pt\/web\/wp-json\/wp\/v2\/posts\/3071\/revisions"}],"predecessor-version":[{"id":3080,"href":"https:\/\/jf-carvoeira.pt\/web\/wp-json\/wp\/v2\/posts\/3071\/revisions\/3080"}],"wp:featuredmedia":[{"embeddable":true,"href":"https:\/\/jf-carvoeira.pt\/web\/wp-json\/wp\/v2\/media\/3079"}],"wp:attachment":[{"href":"https:\/\/jf-carvoeira.pt\/web\/wp-json\/wp\/v2\/media?parent=3071"}],"wp:term":[{"taxonomy":"category","embeddable":true,"href":"https:\/\/jf-carvoeira.pt\/web\/wp-json\/wp\/v2\/categories?post=3071"},{"taxonomy":"post_tag","embeddable":true,"href":"https:\/\/jf-carvoeira.pt\/web\/wp-json\/wp\/v2\/tags?post=3071"}],"curies":[{"name":"wp","href":"https:\/\/api.w.org\/{rel}","templated":true}]}}