{"id":3720,"date":"2022-08-03T08:40:00","date_gmt":"2022-08-03T08:40:00","guid":{"rendered":"https:\/\/jf-carvoeira.pt\/web\/?p=3720"},"modified":"2026-04-29T08:52:05","modified_gmt":"2026-04-29T08:52:05","slug":"novos-cacifos-locky-ao-servico-da-comunidade-copy","status":"publish","type":"post","link":"https:\/\/jf-carvoeira.pt\/web\/novos-cacifos-locky-ao-servico-da-comunidade-copy\/","title":{"rendered":"Decorreu este \u00faltimo domingo o 19\u00ba Encontro dos Av\u00f3s"},"content":{"rendered":"\t\t<div data-elementor-type=\"wp-post\" data-elementor-id=\"3720\" class=\"elementor elementor-3720\">\n\t\t\t\t<div class=\"elementor-element elementor-element-2fe18984 e-flex e-con-boxed e-con e-parent\" data-id=\"2fe18984\" data-element_type=\"container\" data-e-type=\"container\">\n\t\t\t\t\t<div class=\"e-con-inner\">\n\t\t\t\t<div class=\"elementor-element elementor-element-bc75bd3 elementor-widget elementor-widget-text-editor\" data-id=\"bc75bd3\" data-element_type=\"widget\" data-e-type=\"widget\" data-widget_type=\"text-editor.default\">\n\t\t\t\t\t\t\t\t\t<p>O dia foi de festa e conv\u00edvio, neste que foi o 19\u00ba Encontro dos Av\u00f3s na Carvoeira.<\/p><p>O almo\u00e7o de porco no espeto, oferecido pela Junta de Freguesia da Carvoeira aos av\u00f3s desta freguesia fez a del\u00edcia de quem se deslocou at\u00e9 \u00e0 Igreja de Nossa Senhora do \u00d3, naquela manh\u00e3 quente de domingo.<\/p><p>O dia ficou marcado com uma missa na Igreja da Senhora do \u00d3, seguida da inaugura\u00e7\u00e3o do Parque de Estacionamento com o descerrar da placa pela sr\u00aa Presidente da Junta de Freguesia e tamb\u00e9m aben\u00e7oada pelo Padre Tiago.<\/p><p>Foi tamb\u00e9m exibida posteriormente no interior da Igreja da Senhora do \u00d3, a exposi\u00e7\u00e3o das Igrejas Matrizes do C\u00edrio de Prata, criadas pelo artes\u00e3o de Fonte Boa da Brincosa \u2013 Jos\u00e9 Alexandre.<\/p><p>Seguiu-se o t\u00e3o aguardado almo\u00e7o dos av\u00f3s, que contou com a presen\u00e7a do sr. Presidente da C\u00e2mara Municipal de Mafra, H\u00e9lder Sousa Silva e tamb\u00e9m da sr\u00aa Vice-Presidente Aldevina Rodrigues, acompanhada pelos Vereadores Pedro Carmo e Hugo Lu\u00eds.<\/p><p>Esta festa contou ainda com a anima\u00e7\u00e3o de Pedro Letras, que facilmente colocou o bailarico em marcha e que fez levantar da cadeira muita gente para dan\u00e7ar. Foi tamb\u00e9m apresentado \u00e0 nossa comunidade o primeiro livro infantil de Andreia Duarte -\u201cO Avental da Minha Av\u00f3\u201d, que contou com a presen\u00e7a do escritor e editor Pedro Seromenho e da ilustradora Natalina C\u00f3ias.\u00a0<\/p><p>A Academia do Bombo realizou tamb\u00e9m uma aula aberta durante a sua actua\u00e7\u00e3o e a festa continou com a anima\u00e7\u00e3o e bailarico tarde fora.<\/p>\t\t\t\t\t\t\t\t<\/div>\n\t\t\t\t\t<\/div>\n\t\t\t\t<\/div>\n\t\t\t\t<\/div>\n\t\t","protected":false},"excerpt":{"rendered":"<p>Decorreu este \u00faltimo domingo o 19\u00ba Encontro dos Av\u00f3s<br \/>\nO dia foi de festa e conv\u00edvio, neste que foi o 19\u00ba Encontro dos Av\u00f3s na Carvoeira.<\/p>\n<p>O almo\u00e7o de porco no espeto, oferecido pela Junta de Freguesia da Carvoeira aos av\u00f3s desta freguesia fez a del\u00edcia de quem se deslocou at\u00e9 \u00e0 Igreja de Nossa Senhora do \u00d3, naquela manh\u00e3 quente de domingo.<\/p>\n","protected":false},"author":3,"featured_media":3724,"comment_status":"closed","ping_status":"open","sticky":false,"template":"","format":"standard","meta":{"footnotes":""},"categories":[25],"tags":[],"class_list":["post-3720","post","type-post","status-publish","format-standard","has-post-thumbnail","hentry","category-informacoes"],"_links":{"self":[{"href":"https:\/\/jf-carvoeira.pt\/web\/wp-json\/wp\/v2\/posts\/3720","targetHints":{"allow":["GET"]}}],"collection":[{"href":"https:\/\/jf-carvoeira.pt\/web\/wp-json\/wp\/v2\/posts"}],"about":[{"href":"https:\/\/jf-carvoeira.pt\/web\/wp-json\/wp\/v2\/types\/post"}],"author":[{"embeddable":true,"href":"https:\/\/jf-carvoeira.pt\/web\/wp-json\/wp\/v2\/users\/3"}],"replies":[{"embeddable":true,"href":"https:\/\/jf-carvoeira.pt\/web\/wp-json\/wp\/v2\/comments?post=3720"}],"version-history":[{"count":5,"href":"https:\/\/jf-carvoeira.pt\/web\/wp-json\/wp\/v2\/posts\/3720\/revisions"}],"predecessor-version":[{"id":3728,"href":"https:\/\/jf-carvoeira.pt\/web\/wp-json\/wp\/v2\/posts\/3720\/revisions\/3728"}],"wp:featuredmedia":[{"embeddable":true,"href":"https:\/\/jf-carvoeira.pt\/web\/wp-json\/wp\/v2\/media\/3724"}],"wp:attachment":[{"href":"https:\/\/jf-carvoeira.pt\/web\/wp-json\/wp\/v2\/media?parent=3720"}],"wp:term":[{"taxonomy":"category","embeddable":true,"href":"https:\/\/jf-carvoeira.pt\/web\/wp-json\/wp\/v2\/categories?post=3720"},{"taxonomy":"post_tag","embeddable":true,"href":"https:\/\/jf-carvoeira.pt\/web\/wp-json\/wp\/v2\/tags?post=3720"}],"curies":[{"name":"wp","href":"https:\/\/api.w.org\/{rel}","templated":true}]}}