{"id":3729,"date":"2022-11-13T08:57:00","date_gmt":"2022-11-13T08:57:00","guid":{"rendered":"https:\/\/jf-carvoeira.pt\/web\/?p=3729"},"modified":"2026-04-29T09:05:36","modified_gmt":"2026-04-29T09:05:36","slug":"novos-cacifos-locky-ao-servico-da-comunidade-copy-2","status":"publish","type":"post","link":"https:\/\/jf-carvoeira.pt\/web\/novos-cacifos-locky-ao-servico-da-comunidade-copy-2\/","title":{"rendered":"CELEBR\u00c1MOS O S\u00c3O MARTINHO COM FESTA E ANIMA\u00c7\u00c3O"},"content":{"rendered":"\t\t<div data-elementor-type=\"wp-post\" data-elementor-id=\"3729\" class=\"elementor elementor-3729\">\n\t\t\t\t<div class=\"elementor-element elementor-element-2fe18984 e-flex e-con-boxed e-con e-parent\" data-id=\"2fe18984\" data-element_type=\"container\" data-e-type=\"container\">\n\t\t\t\t\t<div class=\"e-con-inner\">\n\t\t\t\t<div class=\"elementor-element elementor-element-bc75bd3 elementor-widget elementor-widget-text-editor\" data-id=\"bc75bd3\" data-element_type=\"widget\" data-e-type=\"widget\" data-widget_type=\"text-editor.default\">\n\t\t\t\t\t\t\t\t\t<div class=\"xdj266r x14z9mp xat24cr x1lziwak x1vvkbs x126k92a\"><div dir=\"auto\"><div class=\"x14z9mp xat24cr x1lziwak x1vvkbs xtlvy1s x126k92a\"><div dir=\"auto\"><div class=\"x14z9mp xat24cr x1lziwak x1vvkbs xtlvy1s x126k92a\"><div dir=\"auto\"><div class=\"x14z9mp xat24cr x1lziwak x1vvkbs xtlvy1s x126k92a\"><div dir=\"auto\"><div class=\"x14z9mp xat24cr x1lziwak x1vvkbs xtlvy1s x126k92a\"><div dir=\"auto\"><div class=\"x14z9mp xat24cr x1lziwak x1vvkbs xtlvy1s x126k92a\"><div dir=\"auto\"><p>Foi no passado dia 12 de Novembro, no Centro Intergeracional da Carvoeira, que juntos celebr\u00e1mos o S\u00e3o Martilho com o tradicional Magusto de Castanhas. Lev\u00e1mos a cabo tamb\u00e9m uma prova de \u00c1gua-P\u00e9 e Vinhos Locais, e realiz\u00e1mos uma s\u00e9rie de atividades para um final de tarde de Outono animado e em conv\u00edvio.<\/p><div dir=\"auto\">\u2013 Prova de \u00c1gua-P\u00e9 e Vinho Locais;<\/div><div dir=\"auto\">\u2013 Atua\u00e7\u00e3o da Academia do Bombo;<\/div><div dir=\"auto\">\u2013 Atividade de Artes Pl\u00e1sticas com uma art\u00edstica Deleide residente na nossa freguesia;<\/div><div dir=\"auto\">\u2013 Aula aberta de Yoga com a Instrutora Kathrin Wilde, agora com aulas semanais no Centro Intergeracional da Carvoeira.<\/div><\/div><\/div><\/div><\/div><\/div><\/div><\/div><\/div><\/div><\/div><\/div><\/div>\t\t\t\t\t\t\t\t<\/div>\n\t\t\t\t\t<\/div>\n\t\t\t\t<\/div>\n\t\t\t\t<\/div>\n\t\t","protected":false},"excerpt":{"rendered":"<p>Foi no passado dia 12 de Novembro, no Centro Intergeracional da Carvoeira, que juntos celebr\u00e1mos o S\u00e3o Martilho com o tradicional Magusto de Castanhas. Lev\u00e1mos a cabo tamb\u00e9m uma prova de \u00c1gua-P\u00e9 e Vinhos Locais, e realiz\u00e1mos uma s\u00e9rie de atividades para um final de tarde de Outono animado e em conv\u00edvio.<\/p>\n","protected":false},"author":3,"featured_media":3733,"comment_status":"closed","ping_status":"open","sticky":false,"template":"","format":"standard","meta":{"footnotes":""},"categories":[25],"tags":[],"class_list":["post-3729","post","type-post","status-publish","format-standard","has-post-thumbnail","hentry","category-informacoes"],"_links":{"self":[{"href":"https:\/\/jf-carvoeira.pt\/web\/wp-json\/wp\/v2\/posts\/3729","targetHints":{"allow":["GET"]}}],"collection":[{"href":"https:\/\/jf-carvoeira.pt\/web\/wp-json\/wp\/v2\/posts"}],"about":[{"href":"https:\/\/jf-carvoeira.pt\/web\/wp-json\/wp\/v2\/types\/post"}],"author":[{"embeddable":true,"href":"https:\/\/jf-carvoeira.pt\/web\/wp-json\/wp\/v2\/users\/3"}],"replies":[{"embeddable":true,"href":"https:\/\/jf-carvoeira.pt\/web\/wp-json\/wp\/v2\/comments?post=3729"}],"version-history":[{"count":5,"href":"https:\/\/jf-carvoeira.pt\/web\/wp-json\/wp\/v2\/posts\/3729\/revisions"}],"predecessor-version":[{"id":3736,"href":"https:\/\/jf-carvoeira.pt\/web\/wp-json\/wp\/v2\/posts\/3729\/revisions\/3736"}],"wp:featuredmedia":[{"embeddable":true,"href":"https:\/\/jf-carvoeira.pt\/web\/wp-json\/wp\/v2\/media\/3733"}],"wp:attachment":[{"href":"https:\/\/jf-carvoeira.pt\/web\/wp-json\/wp\/v2\/media?parent=3729"}],"wp:term":[{"taxonomy":"category","embeddable":true,"href":"https:\/\/jf-carvoeira.pt\/web\/wp-json\/wp\/v2\/categories?post=3729"},{"taxonomy":"post_tag","embeddable":true,"href":"https:\/\/jf-carvoeira.pt\/web\/wp-json\/wp\/v2\/tags?post=3729"}],"curies":[{"name":"wp","href":"https:\/\/api.w.org\/{rel}","templated":true}]}}