{"id":3737,"date":"2023-05-04T09:07:00","date_gmt":"2023-05-04T09:07:00","guid":{"rendered":"https:\/\/jf-carvoeira.pt\/web\/?p=3737"},"modified":"2026-04-29T09:12:54","modified_gmt":"2026-04-29T09:12:54","slug":"descida-do-rio-lizandro-em-jangadas","status":"publish","type":"post","link":"https:\/\/jf-carvoeira.pt\/web\/descida-do-rio-lizandro-em-jangadas\/","title":{"rendered":"Descida do Rio Lizandro em Jangadas"},"content":{"rendered":"\t\t<div data-elementor-type=\"wp-post\" data-elementor-id=\"3737\" class=\"elementor elementor-3737\">\n\t\t\t\t<div class=\"elementor-element elementor-element-2fe18984 e-flex e-con-boxed e-con e-parent\" data-id=\"2fe18984\" data-element_type=\"container\" data-e-type=\"container\">\n\t\t\t\t\t<div class=\"e-con-inner\">\n\t\t\t\t<div class=\"elementor-element elementor-element-bc75bd3 elementor-widget elementor-widget-text-editor\" data-id=\"bc75bd3\" data-element_type=\"widget\" data-e-type=\"widget\" data-widget_type=\"text-editor.default\">\n\t\t\t\t\t\t\t\t\t<div class=\"xdj266r x14z9mp xat24cr x1lziwak x1vvkbs x126k92a\"><div dir=\"auto\"><div class=\"x14z9mp xat24cr x1lziwak x1vvkbs xtlvy1s x126k92a\"><div dir=\"auto\"><div class=\"x14z9mp xat24cr x1lziwak x1vvkbs xtlvy1s x126k92a\"><div dir=\"auto\"><div class=\"x14z9mp xat24cr x1lziwak x1vvkbs xtlvy1s x126k92a\"><div dir=\"auto\"><div class=\"x14z9mp xat24cr x1lziwak x1vvkbs xtlvy1s x126k92a\"><div dir=\"auto\"><div class=\"x14z9mp xat24cr x1lziwak x1vvkbs xtlvy1s x126k92a\"><div dir=\"auto\"><p>A Junta de Freguesia da Carvoeira organizou no passado dia 1 de Maio mais uma m\u00edtica Descida do Rio Lizandro em Jangadas, um conv\u00edvio que re\u00fane os mais criativos \u201cengenheiros n\u00e1uticos\u201d que se aventuram na constru\u00e7\u00e3o de uma jangada para descer o Rio Lizandro..<\/p><\/div><\/div><\/div><\/div><\/div><\/div><\/div><\/div><\/div><\/div><\/div><\/div>\t\t\t\t\t\t\t\t<\/div>\n\t\t\t\t\t<\/div>\n\t\t\t\t<\/div>\n\t\t\t\t<\/div>\n\t\t","protected":false},"excerpt":{"rendered":"<p>A Junta de Freguesia da Carvoeira organizou no passado dia 1 de Maio mais uma m\u00edtica Descida do Rio Lizandro em Jangadas, um conv\u00edvio que re\u00fane os mais criativos \u201cengenheiros n\u00e1uticos\u201d que se aventuram na constru\u00e7\u00e3o de uma jangada para descer o Rio Lizandro.<\/p>\n","protected":false},"author":3,"featured_media":3742,"comment_status":"closed","ping_status":"open","sticky":false,"template":"","format":"standard","meta":{"footnotes":""},"categories":[25],"tags":[],"class_list":["post-3737","post","type-post","status-publish","format-standard","has-post-thumbnail","hentry","category-informacoes"],"_links":{"self":[{"href":"https:\/\/jf-carvoeira.pt\/web\/wp-json\/wp\/v2\/posts\/3737","targetHints":{"allow":["GET"]}}],"collection":[{"href":"https:\/\/jf-carvoeira.pt\/web\/wp-json\/wp\/v2\/posts"}],"about":[{"href":"https:\/\/jf-carvoeira.pt\/web\/wp-json\/wp\/v2\/types\/post"}],"author":[{"embeddable":true,"href":"https:\/\/jf-carvoeira.pt\/web\/wp-json\/wp\/v2\/users\/3"}],"replies":[{"embeddable":true,"href":"https:\/\/jf-carvoeira.pt\/web\/wp-json\/wp\/v2\/comments?post=3737"}],"version-history":[{"count":5,"href":"https:\/\/jf-carvoeira.pt\/web\/wp-json\/wp\/v2\/posts\/3737\/revisions"}],"predecessor-version":[{"id":3744,"href":"https:\/\/jf-carvoeira.pt\/web\/wp-json\/wp\/v2\/posts\/3737\/revisions\/3744"}],"wp:featuredmedia":[{"embeddable":true,"href":"https:\/\/jf-carvoeira.pt\/web\/wp-json\/wp\/v2\/media\/3742"}],"wp:attachment":[{"href":"https:\/\/jf-carvoeira.pt\/web\/wp-json\/wp\/v2\/media?parent=3737"}],"wp:term":[{"taxonomy":"category","embeddable":true,"href":"https:\/\/jf-carvoeira.pt\/web\/wp-json\/wp\/v2\/categories?post=3737"},{"taxonomy":"post_tag","embeddable":true,"href":"https:\/\/jf-carvoeira.pt\/web\/wp-json\/wp\/v2\/tags?post=3737"}],"curies":[{"name":"wp","href":"https:\/\/api.w.org\/{rel}","templated":true}]}}