{"id":3745,"date":"2022-05-20T09:13:00","date_gmt":"2022-05-20T09:13:00","guid":{"rendered":"https:\/\/jf-carvoeira.pt\/web\/?p=3745"},"modified":"2026-04-29T10:07:07","modified_gmt":"2026-04-29T10:07:07","slug":"20-de-maio-dia-europeu-do-mar","status":"publish","type":"post","link":"https:\/\/jf-carvoeira.pt\/web\/20-de-maio-dia-europeu-do-mar\/","title":{"rendered":"20 de Maio &#8211; DIA EUROPEU DO MAR"},"content":{"rendered":"\t\t<div data-elementor-type=\"wp-post\" data-elementor-id=\"3745\" class=\"elementor elementor-3745\">\n\t\t\t\t<div class=\"elementor-element elementor-element-2fe18984 e-flex e-con-boxed e-con e-parent\" data-id=\"2fe18984\" data-element_type=\"container\" data-e-type=\"container\">\n\t\t\t\t\t<div class=\"e-con-inner\">\n\t\t\t\t<div class=\"elementor-element elementor-element-bc75bd3 elementor-widget elementor-widget-text-editor\" data-id=\"bc75bd3\" data-element_type=\"widget\" data-e-type=\"widget\" data-widget_type=\"text-editor.default\">\n\t\t\t\t\t\t\t\t\t<div class=\"xdj266r x14z9mp xat24cr x1lziwak x1vvkbs x126k92a\"><div dir=\"auto\"><div class=\"x14z9mp xat24cr x1lziwak x1vvkbs xtlvy1s x126k92a\"><div dir=\"auto\"><div class=\"x14z9mp xat24cr x1lziwak x1vvkbs xtlvy1s x126k92a\"><div dir=\"auto\"><div class=\"x14z9mp xat24cr x1lziwak x1vvkbs xtlvy1s x126k92a\"><div dir=\"auto\"><div class=\"x14z9mp xat24cr x1lziwak x1vvkbs xtlvy1s x126k92a\"><div dir=\"auto\"><div class=\"x14z9mp xat24cr x1lziwak x1vvkbs xtlvy1s x126k92a\"><div dir=\"auto\"><p>Hoje celebra-se o Dia Europeu do Mar, sendo tamb\u00e9m um dia muito especial para Portugal, pois representa o dia em que Vasco da Gama, em 1498, chegou \u00e0 \u00cdndia, por mar.<\/p><div class=\"cxmmr5t8 oygrvhab hcukyx3x c1et5uql o9v6fnle ii04i59q\"><div dir=\"auto\">Todos sabemos que o mar ocupa a maior parte do planeta terra e nele habitam seres incr\u00edveis e misteriosos e que tamb\u00e9m abriga dezenas de tesouros de tempos passados.<\/div><\/div><div class=\"cxmmr5t8 oygrvhab hcukyx3x c1et5uql o9v6fnle ii04i59q\"><div dir=\"auto\">Precisamos tomar consci\u00eancia e mudar os nossos h\u00e1bitos.<\/div><\/div><div dir=\"auto\">\u00a0<\/div><div dir=\"auto\">Repensar e reduzir o consumo de embalagens e pl\u00e1sticos de uso \u00fanico. E recolher o lixo gerado durante a perman\u00eancia na praia. Palhinhas, copos, latas, beatas de cigarro, peda\u00e7os de esferovite\u2026 tudo isso polui as areias e rios e pode muito rapidamente chegar aos oceanos.<\/div><div dir=\"auto\">\u00a0<\/div><\/div><div dir=\"auto\">O fundo do mar \u00e9 a casa de muitos seres vivos que necessitam da ajuda dos humanos para sobreviverem e todos podemos contribuir com atitudes bastante simples, colocando em pr\u00e1tica a\u00e7\u00f5es como:<\/div><\/div><div dir=\"auto\">\u00a0<\/div><div dir=\"auto\"><div class=\"cxmmr5t8 oygrvhab hcukyx3x c1et5uql o9v6fnle ii04i59q\"><div dir=\"auto\">\u2022 quando vais \u00e0 praia n\u00e3o deixes lixo na areia, como embalagens de comida, garrafas de pl\u00e1stico e at\u00e9 alguns brinquedos. O micropl\u00e1stico altera a composi\u00e7\u00e3o de certas partes dos oceanos, prejudicando o ecossistema da regi\u00e3o e consequentemente a sa\u00fade humana.<\/div><\/div><div class=\"cxmmr5t8 oygrvhab hcukyx3x c1et5uql o9v6fnle ii04i59q\"><div dir=\"auto\">\u2022 n\u00e3o deites lixo para o ch\u00e3o, pois a \u00e1gua da chuva e o vento podem levar esses produtos para o mar;<\/div><\/div><div class=\"cxmmr5t8 oygrvhab hcukyx3x c1et5uql o9v6fnle ii04i59q\"><div dir=\"auto\">\u2022 separa o lixo recicl\u00e1vel. Se tiveres esse h\u00e1bito estar\u00e1s a contribuir para a preserva\u00e7\u00e3o do meio ambiente;<\/div><div dir=\"auto\">\u00a0<\/div><\/div><div dir=\"auto\">Estamos a organizar uma Ac\u00e7\u00e3o de Limpeza Volunt\u00e1ria no Rio Lizandro, no pr\u00f3ximo dia 29 de Maio, a partir das 09h00 na Senhora do \u00d3 \u2013 Carvoeira.<\/div><div dir=\"auto\">\u00a0<\/div><div dir=\"auto\">Junta-te a esta iniciativa e d\u00e1 tamb\u00e9m o teu contributo por esta causa.<\/div><div dir=\"auto\">\u00a0<\/div><div dir=\"auto\"><div dir=\"auto\">Torna a tua passagem pela Carvoeira positiva.<\/div><div dir=\"auto\">O ambiente agradece!<\/div><div dir=\"auto\">\u00a0<\/div><div dir=\"auto\">Vem conhecer melhor a Freguesia da Carvoeira.<\/div><\/div><\/div><\/div><\/div><\/div><\/div><\/div><\/div><\/div><\/div><\/div><\/div>\t\t\t\t\t\t\t\t<\/div>\n\t\t\t\t\t<\/div>\n\t\t\t\t<\/div>\n\t\t\t\t<\/div>\n\t\t","protected":false},"excerpt":{"rendered":"<p>Todos sabemos que o mar ocupa a maior parte do planeta terra e nele habitam seres incr\u00edveis e misteriosos e que tamb\u00e9m abriga dezenas de tesouros de tempos passados.<\/p>\n","protected":false},"author":3,"featured_media":3749,"comment_status":"closed","ping_status":"open","sticky":false,"template":"","format":"standard","meta":{"footnotes":""},"categories":[25],"tags":[],"class_list":["post-3745","post","type-post","status-publish","format-standard","has-post-thumbnail","hentry","category-informacoes"],"_links":{"self":[{"href":"https:\/\/jf-carvoeira.pt\/web\/wp-json\/wp\/v2\/posts\/3745","targetHints":{"allow":["GET"]}}],"collection":[{"href":"https:\/\/jf-carvoeira.pt\/web\/wp-json\/wp\/v2\/posts"}],"about":[{"href":"https:\/\/jf-carvoeira.pt\/web\/wp-json\/wp\/v2\/types\/post"}],"author":[{"embeddable":true,"href":"https:\/\/jf-carvoeira.pt\/web\/wp-json\/wp\/v2\/users\/3"}],"replies":[{"embeddable":true,"href":"https:\/\/jf-carvoeira.pt\/web\/wp-json\/wp\/v2\/comments?post=3745"}],"version-history":[{"count":5,"href":"https:\/\/jf-carvoeira.pt\/web\/wp-json\/wp\/v2\/posts\/3745\/revisions"}],"predecessor-version":[{"id":3802,"href":"https:\/\/jf-carvoeira.pt\/web\/wp-json\/wp\/v2\/posts\/3745\/revisions\/3802"}],"wp:featuredmedia":[{"embeddable":true,"href":"https:\/\/jf-carvoeira.pt\/web\/wp-json\/wp\/v2\/media\/3749"}],"wp:attachment":[{"href":"https:\/\/jf-carvoeira.pt\/web\/wp-json\/wp\/v2\/media?parent=3745"}],"wp:term":[{"taxonomy":"category","embeddable":true,"href":"https:\/\/jf-carvoeira.pt\/web\/wp-json\/wp\/v2\/categories?post=3745"},{"taxonomy":"post_tag","embeddable":true,"href":"https:\/\/jf-carvoeira.pt\/web\/wp-json\/wp\/v2\/tags?post=3745"}],"curies":[{"name":"wp","href":"https:\/\/api.w.org\/{rel}","templated":true}]}}