{"id":3753,"date":"2022-04-30T09:21:00","date_gmt":"2022-04-30T09:21:00","guid":{"rendered":"https:\/\/jf-carvoeira.pt\/web\/?p=3753"},"modified":"2026-04-29T09:29:31","modified_gmt":"2026-04-29T09:29:31","slug":"descida-do-rio-lizandro-em-jangadas-2","status":"publish","type":"post","link":"https:\/\/jf-carvoeira.pt\/web\/descida-do-rio-lizandro-em-jangadas-2\/","title":{"rendered":"Descida do Rio Lizandro em Jangadas"},"content":{"rendered":"\t\t<div data-elementor-type=\"wp-post\" data-elementor-id=\"3753\" class=\"elementor elementor-3753\">\n\t\t\t\t<div class=\"elementor-element elementor-element-2fe18984 e-flex e-con-boxed e-con e-parent\" data-id=\"2fe18984\" data-element_type=\"container\" data-e-type=\"container\">\n\t\t\t\t\t<div class=\"e-con-inner\">\n\t\t\t\t<div class=\"elementor-element elementor-element-bc75bd3 elementor-widget elementor-widget-text-editor\" data-id=\"bc75bd3\" data-element_type=\"widget\" data-e-type=\"widget\" data-widget_type=\"text-editor.default\">\n\t\t\t\t\t\t\t\t\t<div class=\"xdj266r x14z9mp xat24cr x1lziwak x1vvkbs x126k92a\"><div dir=\"auto\"><div class=\"x14z9mp xat24cr x1lziwak x1vvkbs xtlvy1s x126k92a\"><div dir=\"auto\"><div class=\"x14z9mp xat24cr x1lziwak x1vvkbs xtlvy1s x126k92a\"><div dir=\"auto\"><div class=\"x14z9mp xat24cr x1lziwak x1vvkbs xtlvy1s x126k92a\"><div dir=\"auto\"><div class=\"x14z9mp xat24cr x1lziwak x1vvkbs xtlvy1s x126k92a\"><div dir=\"auto\"><div class=\"x14z9mp xat24cr x1lziwak x1vvkbs xtlvy1s x126k92a\"><div dir=\"auto\"><p>As espectactivas estavam altas mas mesmo assim conseguimos ficar surpreendidos com a ades\u00e3o e participa\u00e7\u00e3o de todos os que hoje se deslocaram \u00e0 nossa freguesia para participar na Descida do Rio Lizandro em Jangadas.<\/p><\/div><p>Foi uma manh\u00e3 muito bem passada numa das actividades outdoor mais aguardadas do ano, que contou com in\u00fameros participantes que puseram \u201cas m\u00e3os \u00e0 obra\u201d, constru\u00edram a sua pr\u00f3pria jangada e zarparam \u00e0 aventura Rio Lizandro abaixo.<\/p><\/div><div class=\"cxmmr5t8 oygrvhab hcukyx3x c1et5uql o9v6fnle ii04i59q\"><div dir=\"auto\">Desde j\u00e1 agradecemos a presen\u00e7a de todos, e esperamos que se tenham divertido tanto como n\u00f3s!<\/div><\/div><div class=\"cxmmr5t8 oygrvhab hcukyx3x c1et5uql o9v6fnle ii04i59q\"><div dir=\"auto\">N\u00e3o podemos deixar de agradecer a quem apoiou esta iniciativa e proporcionou a todos os participantes uma manh\u00e3 diferente, divertida e em contacto directo com esta nossa natureza que nos rodeia, o Vale do Rio Lizandro.<\/div><div dir=\"auto\">\u00a0<\/div><\/div><\/div><\/div><\/div><\/div><div dir=\"auto\">O nosso grande obrigado \u00e0\u00a0<a class=\"oajrlxb2 g5ia77u1 qu0x051f esr5mh6w e9989ue4 r7d6kgcz rq0escxv nhd2j8a9 nc684nl6 p7hjln8o kvgmc6g5 cxmmr5t8 oygrvhab hcukyx3x jb3vyjys rz4wbd8a qt6c0cv9 a8nywdso i1ao9s8h esuyzwwr f1sip0of lzcic4wl gpro0wi8 q66pz984 b1v8xokw\" tabindex=\"0\" role=\"link\" href=\"https:\/\/www.facebook.com\/camaramunicipaldemafra?__cft__[0]=AZVqUadzyfqb6XdXRN-YYk5BFiuFq7i7oBIrkC0U8A6ppZ6PASyGvP8gd7bSwIjOYr_tBjhjlsVxdaF68KyRm6e-dX1ZYszTUQRJrDhFQV7pqw-VpV_fiAnMCnRDZQlx_XQ9RI6Kd-flsaw1N_5vrcGHpo8ywYK05SyWZ8VqMhLRYTwSh6997GYvZpgachVGeyQ&amp;__tn__=-]K-R\"><span class=\"nc684nl6\">C\u00e2mara Municipal de Mafra<\/span><\/a>\u00a0e a todos os que tornaram esta actividade poss\u00edvel:\u00a0<a class=\"oajrlxb2 g5ia77u1 qu0x051f esr5mh6w e9989ue4 r7d6kgcz rq0escxv nhd2j8a9 nc684nl6 p7hjln8o kvgmc6g5 cxmmr5t8 oygrvhab hcukyx3x jb3vyjys rz4wbd8a qt6c0cv9 a8nywdso i1ao9s8h esuyzwwr f1sip0of lzcic4wl gpro0wi8 q66pz984 b1v8xokw\" tabindex=\"0\" role=\"link\" href=\"https:\/\/www.facebook.com\/aluguerkayaks\/?__cft__[0]=AZVqUadzyfqb6XdXRN-YYk5BFiuFq7i7oBIrkC0U8A6ppZ6PASyGvP8gd7bSwIjOYr_tBjhjlsVxdaF68KyRm6e-dX1ZYszTUQRJrDhFQV7pqw-VpV_fiAnMCnRDZQlx_XQ9RI6Kd-flsaw1N_5vrcGHpo8ywYK05SyWZ8VqMhLRYTwSh6997GYvZpgachVGeyQ&amp;__tn__=kK-R\"><span class=\"nc684nl6\">Kayak Aventura<\/span><\/a>,\u00a0<a class=\"oajrlxb2 g5ia77u1 qu0x051f esr5mh6w e9989ue4 r7d6kgcz rq0escxv nhd2j8a9 nc684nl6 p7hjln8o kvgmc6g5 cxmmr5t8 oygrvhab hcukyx3x jb3vyjys rz4wbd8a qt6c0cv9 a8nywdso i1ao9s8h esuyzwwr f1sip0of lzcic4wl gpro0wi8 q66pz984 b1v8xokw\" tabindex=\"0\" role=\"link\" href=\"https:\/\/www.facebook.com\/naondasurfandsushi\/?__cft__[0]=AZVqUadzyfqb6XdXRN-YYk5BFiuFq7i7oBIrkC0U8A6ppZ6PASyGvP8gd7bSwIjOYr_tBjhjlsVxdaF68KyRm6e-dX1ZYszTUQRJrDhFQV7pqw-VpV_fiAnMCnRDZQlx_XQ9RI6Kd-flsaw1N_5vrcGHpo8ywYK05SyWZ8VqMhLRYTwSh6997GYvZpgachVGeyQ&amp;__tn__=kK-R\"><span class=\"nc684nl6\">NA ONDA Restaurante Bar \/\/ Escola de Surf<\/span><\/a>\u00a0,\u00a0<a class=\"oajrlxb2 g5ia77u1 qu0x051f esr5mh6w e9989ue4 r7d6kgcz rq0escxv nhd2j8a9 nc684nl6 p7hjln8o kvgmc6g5 cxmmr5t8 oygrvhab hcukyx3x jb3vyjys rz4wbd8a qt6c0cv9 a8nywdso i1ao9s8h esuyzwwr f1sip0of lzcic4wl gpro0wi8 q66pz984 b1v8xokw\" tabindex=\"0\" role=\"link\" href=\"https:\/\/www.facebook.com\/TasquinhadoPatachao\/?__cft__[0]=AZVqUadzyfqb6XdXRN-YYk5BFiuFq7i7oBIrkC0U8A6ppZ6PASyGvP8gd7bSwIjOYr_tBjhjlsVxdaF68KyRm6e-dX1ZYszTUQRJrDhFQV7pqw-VpV_fiAnMCnRDZQlx_XQ9RI6Kd-flsaw1N_5vrcGHpo8ywYK05SyWZ8VqMhLRYTwSh6997GYvZpgachVGeyQ&amp;__tn__=kK-R\"><span class=\"nc684nl6\">Tasquinha do Patach\u00e3o<\/span><\/a>.<\/div><div dir=\"auto\">\u00a0<\/div><\/div><div dir=\"auto\">Um agradecimento especial tamb\u00e9m \u00e0 equipa destacada dos\u00a0<a class=\"oajrlxb2 g5ia77u1 qu0x051f esr5mh6w e9989ue4 r7d6kgcz rq0escxv nhd2j8a9 nc684nl6 p7hjln8o kvgmc6g5 cxmmr5t8 oygrvhab hcukyx3x jb3vyjys rz4wbd8a qt6c0cv9 a8nywdso i1ao9s8h esuyzwwr f1sip0of lzcic4wl gpro0wi8 q66pz984 b1v8xokw\" tabindex=\"0\" role=\"link\" href=\"https:\/\/www.facebook.com\/BOMBEIROSERICEIRA\/?__cft__[0]=AZVqUadzyfqb6XdXRN-YYk5BFiuFq7i7oBIrkC0U8A6ppZ6PASyGvP8gd7bSwIjOYr_tBjhjlsVxdaF68KyRm6e-dX1ZYszTUQRJrDhFQV7pqw-VpV_fiAnMCnRDZQlx_XQ9RI6Kd-flsaw1N_5vrcGHpo8ywYK05SyWZ8VqMhLRYTwSh6997GYvZpgachVGeyQ&amp;__tn__=kK-R\"><span class=\"nc684nl6\">BOMBEIROS VOLUNT\u00c1RIOS DA ERICEIRA<\/span><\/a>, \u00e0s\u00a0<a class=\"oajrlxb2 g5ia77u1 qu0x051f esr5mh6w e9989ue4 r7d6kgcz rq0escxv nhd2j8a9 nc684nl6 p7hjln8o kvgmc6g5 cxmmr5t8 oygrvhab hcukyx3x jb3vyjys rz4wbd8a qt6c0cv9 a8nywdso i1ao9s8h esuyzwwr f1sip0of lzcic4wl gpro0wi8 q66pz984 b1v8xokw\" tabindex=\"0\" role=\"link\" href=\"https:\/\/www.facebook.com\/paroquiasericeiraecarvoeira\/?__cft__[0]=AZVqUadzyfqb6XdXRN-YYk5BFiuFq7i7oBIrkC0U8A6ppZ6PASyGvP8gd7bSwIjOYr_tBjhjlsVxdaF68KyRm6e-dX1ZYszTUQRJrDhFQV7pqw-VpV_fiAnMCnRDZQlx_XQ9RI6Kd-flsaw1N_5vrcGHpo8ywYK05SyWZ8VqMhLRYTwSh6997GYvZpgachVGeyQ&amp;__tn__=kK-R\"><span class=\"nc684nl6\">Par\u00f3quias da Ericeira e Carvoeira<\/span><\/a>\u00a0e claro, \u00e0 nossa equipa da Junta de Freguesia da Carvoeira \u2013\u00a0<a class=\"oajrlxb2 g5ia77u1 qu0x051f esr5mh6w e9989ue4 r7d6kgcz rq0escxv nhd2j8a9 nc684nl6 p7hjln8o kvgmc6g5 cxmmr5t8 oygrvhab hcukyx3x jb3vyjys rz4wbd8a qt6c0cv9 a8nywdso i1ao9s8h esuyzwwr f1sip0of lzcic4wl gpro0wi8 q66pz984 b1v8xokw\" tabindex=\"0\" role=\"link\" href=\"https:\/\/www.facebook.com\/JF.Carvoeira\/?__cft__[0]=AZVqUadzyfqb6XdXRN-YYk5BFiuFq7i7oBIrkC0U8A6ppZ6PASyGvP8gd7bSwIjOYr_tBjhjlsVxdaF68KyRm6e-dX1ZYszTUQRJrDhFQV7pqw-VpV_fiAnMCnRDZQlx_XQ9RI6Kd-flsaw1N_5vrcGHpo8ywYK05SyWZ8VqMhLRYTwSh6997GYvZpgachVGeyQ&amp;__tn__=kK-R\"><span class=\"nc684nl6\">Renovar \u2013 Carvoeira<\/span><\/a>\u00a0.<\/div><\/div><\/div><\/div><\/div><\/div>\t\t\t\t\t\t\t\t<\/div>\n\t\t\t\t\t<\/div>\n\t\t\t\t<\/div>\n\t\t\t\t<\/div>\n\t\t","protected":false},"excerpt":{"rendered":"<p>As espectactivas estavam altas mas mesmo assim conseguimos ficar surpreendidos com a ades\u00e3o e participa\u00e7\u00e3o de todos os que hoje se deslocaram \u00e0 nossa freguesia para participar na Descida do Rio Lizandro em Jangadas.<\/p>\n","protected":false},"author":3,"featured_media":3758,"comment_status":"closed","ping_status":"open","sticky":false,"template":"","format":"standard","meta":{"footnotes":""},"categories":[25],"tags":[],"class_list":["post-3753","post","type-post","status-publish","format-standard","has-post-thumbnail","hentry","category-informacoes"],"_links":{"self":[{"href":"https:\/\/jf-carvoeira.pt\/web\/wp-json\/wp\/v2\/posts\/3753","targetHints":{"allow":["GET"]}}],"collection":[{"href":"https:\/\/jf-carvoeira.pt\/web\/wp-json\/wp\/v2\/posts"}],"about":[{"href":"https:\/\/jf-carvoeira.pt\/web\/wp-json\/wp\/v2\/types\/post"}],"author":[{"embeddable":true,"href":"https:\/\/jf-carvoeira.pt\/web\/wp-json\/wp\/v2\/users\/3"}],"replies":[{"embeddable":true,"href":"https:\/\/jf-carvoeira.pt\/web\/wp-json\/wp\/v2\/comments?post=3753"}],"version-history":[{"count":5,"href":"https:\/\/jf-carvoeira.pt\/web\/wp-json\/wp\/v2\/posts\/3753\/revisions"}],"predecessor-version":[{"id":3761,"href":"https:\/\/jf-carvoeira.pt\/web\/wp-json\/wp\/v2\/posts\/3753\/revisions\/3761"}],"wp:featuredmedia":[{"embeddable":true,"href":"https:\/\/jf-carvoeira.pt\/web\/wp-json\/wp\/v2\/media\/3758"}],"wp:attachment":[{"href":"https:\/\/jf-carvoeira.pt\/web\/wp-json\/wp\/v2\/media?parent=3753"}],"wp:term":[{"taxonomy":"category","embeddable":true,"href":"https:\/\/jf-carvoeira.pt\/web\/wp-json\/wp\/v2\/categories?post=3753"},{"taxonomy":"post_tag","embeddable":true,"href":"https:\/\/jf-carvoeira.pt\/web\/wp-json\/wp\/v2\/tags?post=3753"}],"curies":[{"name":"wp","href":"https:\/\/api.w.org\/{rel}","templated":true}]}}