{"id":3763,"date":"2021-12-02T09:29:00","date_gmt":"2021-12-02T09:29:00","guid":{"rendered":"https:\/\/jf-carvoeira.pt\/web\/?p=3763"},"modified":"2026-04-29T09:36:47","modified_gmt":"2026-04-29T09:36:47","slug":"concerto-de-natal-innatalis-2021","status":"publish","type":"post","link":"https:\/\/jf-carvoeira.pt\/web\/concerto-de-natal-innatalis-2021\/","title":{"rendered":"Concerto de Natal inNATALIS 2021"},"content":{"rendered":"\t\t<div data-elementor-type=\"wp-post\" data-elementor-id=\"3763\" class=\"elementor elementor-3763\">\n\t\t\t\t<div class=\"elementor-element elementor-element-2fe18984 e-flex e-con-boxed e-con e-parent\" data-id=\"2fe18984\" data-element_type=\"container\" data-e-type=\"container\">\n\t\t\t\t\t<div class=\"e-con-inner\">\n\t\t\t\t<div class=\"elementor-element elementor-element-bc75bd3 elementor-widget elementor-widget-text-editor\" data-id=\"bc75bd3\" data-element_type=\"widget\" data-e-type=\"widget\" data-widget_type=\"text-editor.default\">\n\t\t\t\t\t\t\t\t\t<p>O Concelho de Mafra tem uma liga\u00e7\u00e3o ancestral com a m\u00fasica e nesta quadra natal\u00edcia, torna m\u00e1gica esta liga\u00e7\u00e3o com toda a popula\u00e7\u00e3o.<\/p><p>A C\u00e2mara Municipal de Mafra, em co-organiza\u00e7\u00e3o com a Associa\u00e7\u00e3o Cultural Cultur\u2019Canto e a Vigaria de Mafra, apresenta o inNATALIS, um Ciclo de Concertos de Natal do Concelho de Mafra, que leva a todas as par\u00f3quias do munic\u00edpio um concerto constituido por um vasto repert\u00f3rio dedicado a esta quadra do Natal.<\/p><p>Deixamos aqui o convite para vir assistir no pr\u00f3ximo dia 18 de dezembro, pelas 16h00 na Igreja de Nossa Senhora do \u00d3, na Carvoeira, o recital das mais bonitas can\u00e7\u00f5es tradicionais desta \u00e9poca.<\/p><p>Venha viver um momento de reflex\u00e3o, sentindo a magia da m\u00fasica de Natal perto de si\u2026porque Mafra \u00e9 M\u00fasica!<\/p>\t\t\t\t\t\t\t\t<\/div>\n\t\t\t\t\t<\/div>\n\t\t\t\t<\/div>\n\t\t\t\t<\/div>\n\t\t","protected":false},"excerpt":{"rendered":"<p>A C\u00e2mara Municipal de Mafra, em co-organiza\u00e7\u00e3o com a Associa\u00e7\u00e3o Cultural Cultur\u2019Canto e a Vigaria de Mafra, apresenta o inNATALIS, um Ciclo de Concertos de Natal do Concelho de Mafra, que leva a todas as par\u00f3quias do munic\u00edpio um concerto constituido por um vasto repert\u00f3rio dedicado a esta quadra do Natal.<\/p>\n","protected":false},"author":3,"featured_media":3768,"comment_status":"closed","ping_status":"open","sticky":false,"template":"","format":"standard","meta":{"footnotes":""},"categories":[25],"tags":[],"class_list":["post-3763","post","type-post","status-publish","format-standard","has-post-thumbnail","hentry","category-informacoes"],"_links":{"self":[{"href":"https:\/\/jf-carvoeira.pt\/web\/wp-json\/wp\/v2\/posts\/3763","targetHints":{"allow":["GET"]}}],"collection":[{"href":"https:\/\/jf-carvoeira.pt\/web\/wp-json\/wp\/v2\/posts"}],"about":[{"href":"https:\/\/jf-carvoeira.pt\/web\/wp-json\/wp\/v2\/types\/post"}],"author":[{"embeddable":true,"href":"https:\/\/jf-carvoeira.pt\/web\/wp-json\/wp\/v2\/users\/3"}],"replies":[{"embeddable":true,"href":"https:\/\/jf-carvoeira.pt\/web\/wp-json\/wp\/v2\/comments?post=3763"}],"version-history":[{"count":5,"href":"https:\/\/jf-carvoeira.pt\/web\/wp-json\/wp\/v2\/posts\/3763\/revisions"}],"predecessor-version":[{"id":3771,"href":"https:\/\/jf-carvoeira.pt\/web\/wp-json\/wp\/v2\/posts\/3763\/revisions\/3771"}],"wp:featuredmedia":[{"embeddable":true,"href":"https:\/\/jf-carvoeira.pt\/web\/wp-json\/wp\/v2\/media\/3768"}],"wp:attachment":[{"href":"https:\/\/jf-carvoeira.pt\/web\/wp-json\/wp\/v2\/media?parent=3763"}],"wp:term":[{"taxonomy":"category","embeddable":true,"href":"https:\/\/jf-carvoeira.pt\/web\/wp-json\/wp\/v2\/categories?post=3763"},{"taxonomy":"post_tag","embeddable":true,"href":"https:\/\/jf-carvoeira.pt\/web\/wp-json\/wp\/v2\/tags?post=3763"}],"curies":[{"name":"wp","href":"https:\/\/api.w.org\/{rel}","templated":true}]}}