{"id":3779,"date":"2021-11-18T09:44:00","date_gmt":"2021-11-18T09:44:00","guid":{"rendered":"https:\/\/jf-carvoeira.pt\/web\/?p=3779"},"modified":"2026-04-29T09:50:42","modified_gmt":"2026-04-29T09:50:42","slug":"grandes-cheias-de-1983","status":"publish","type":"post","link":"https:\/\/jf-carvoeira.pt\/web\/grandes-cheias-de-1983\/","title":{"rendered":"Lembrando as grandes cheias de 1983"},"content":{"rendered":"\t\t<div data-elementor-type=\"wp-post\" data-elementor-id=\"3779\" class=\"elementor elementor-3779\">\n\t\t\t\t<div class=\"elementor-element elementor-element-2fe18984 e-flex e-con-boxed e-con e-parent\" data-id=\"2fe18984\" data-element_type=\"container\" data-e-type=\"container\">\n\t\t\t\t\t<div class=\"e-con-inner\">\n\t\t\t\t<div class=\"elementor-element elementor-element-bc75bd3 elementor-widget elementor-widget-text-editor\" data-id=\"bc75bd3\" data-element_type=\"widget\" data-e-type=\"widget\" data-widget_type=\"text-editor.default\">\n\t\t\t\t\t\t\t\t\t<div class=\"xdj266r x14z9mp xat24cr x1lziwak x1vvkbs x126k92a\"><div dir=\"auto\"><div class=\"x14z9mp xat24cr x1lziwak x1vvkbs xtlvy1s x126k92a\"><div dir=\"auto\"><div class=\"x14z9mp xat24cr x1lziwak x1vvkbs xtlvy1s x126k92a\"><div dir=\"auto\"><div class=\"x14z9mp xat24cr x1lziwak x1vvkbs xtlvy1s x126k92a\"><div dir=\"auto\"><div class=\"x14z9mp xat24cr x1lziwak x1vvkbs xtlvy1s x126k92a\"><div dir=\"auto\"><div class=\"x14z9mp xat24cr x1lziwak x1vvkbs xtlvy1s x126k92a\"><div dir=\"auto\"><p>Foi a 19 de novembro de 1983 que as chuvadas intensas de 2 ou 3 dias consecutivos provocaram em toda a regi\u00e3o oeste inunda\u00e7\u00f5es em v\u00e1rios locais, e tamb\u00e9m aqui na nossa freguesia, o Rio Lizandro n\u00e3o conseguiu escoar o fluxo de \u00e1gua que aqui se acumulou, subindo as paredes da Ermida da Sr\u00aa do \u00d3 at\u00e9 n\u00edveis nunca antes vistos, ficando apenas a descoberto pouco mais do que o telhado.<\/p><p>Os registos apontam para uma subida dos n\u00edveis da \u00e1gua do Rio Lizandro em 4 metros e ainda hoje, se pode ver gravada numa das fachadas laterais desta capela a linha que marca o ponto at\u00e9 onde a \u00e1gua subiu naquele dia.\u00a0<\/p><p>Fotos de T\u00f3 Lopes Martins para o Jornal \u201cO Saloio\u201d<\/p><\/div><\/div><\/div><\/div><\/div><\/div><\/div><\/div><\/div><\/div><\/div><\/div>\t\t\t\t\t\t\t\t<\/div>\n\t\t\t\t\t<\/div>\n\t\t\t\t<\/div>\n\t\t\t\t<\/div>\n\t\t","protected":false},"excerpt":{"rendered":"<p>Foi a 19 de novembro de 1983 que as chuvadas intensas de 2 ou 3 dias consecutivos provocaram em toda a regi\u00e3o oeste inunda\u00e7\u00f5es em v\u00e1rios locais, e tamb\u00e9m aqui na nossa freguesia, o Rio Lizandro n\u00e3o conseguiu escoar o fluxo de \u00e1gua que aqui se acumulou, subindo as paredes da Ermida da Sr\u00aa do \u00d3 at\u00e9 n\u00edveis nunca antes vistos, ficando apenas a descoberto pouco mais do que o telhado.<\/p>\n","protected":false},"author":3,"featured_media":3783,"comment_status":"closed","ping_status":"open","sticky":false,"template":"","format":"standard","meta":{"footnotes":""},"categories":[25],"tags":[],"class_list":["post-3779","post","type-post","status-publish","format-standard","has-post-thumbnail","hentry","category-informacoes"],"_links":{"self":[{"href":"https:\/\/jf-carvoeira.pt\/web\/wp-json\/wp\/v2\/posts\/3779","targetHints":{"allow":["GET"]}}],"collection":[{"href":"https:\/\/jf-carvoeira.pt\/web\/wp-json\/wp\/v2\/posts"}],"about":[{"href":"https:\/\/jf-carvoeira.pt\/web\/wp-json\/wp\/v2\/types\/post"}],"author":[{"embeddable":true,"href":"https:\/\/jf-carvoeira.pt\/web\/wp-json\/wp\/v2\/users\/3"}],"replies":[{"embeddable":true,"href":"https:\/\/jf-carvoeira.pt\/web\/wp-json\/wp\/v2\/comments?post=3779"}],"version-history":[{"count":4,"href":"https:\/\/jf-carvoeira.pt\/web\/wp-json\/wp\/v2\/posts\/3779\/revisions"}],"predecessor-version":[{"id":3785,"href":"https:\/\/jf-carvoeira.pt\/web\/wp-json\/wp\/v2\/posts\/3779\/revisions\/3785"}],"wp:featuredmedia":[{"embeddable":true,"href":"https:\/\/jf-carvoeira.pt\/web\/wp-json\/wp\/v2\/media\/3783"}],"wp:attachment":[{"href":"https:\/\/jf-carvoeira.pt\/web\/wp-json\/wp\/v2\/media?parent=3779"}],"wp:term":[{"taxonomy":"category","embeddable":true,"href":"https:\/\/jf-carvoeira.pt\/web\/wp-json\/wp\/v2\/categories?post=3779"},{"taxonomy":"post_tag","embeddable":true,"href":"https:\/\/jf-carvoeira.pt\/web\/wp-json\/wp\/v2\/tags?post=3779"}],"curies":[{"name":"wp","href":"https:\/\/api.w.org\/{rel}","templated":true}]}}