{"id":3786,"date":"2021-11-16T09:51:00","date_gmt":"2021-11-16T09:51:00","guid":{"rendered":"https:\/\/jf-carvoeira.pt\/web\/?p=3786"},"modified":"2026-04-29T09:58:30","modified_gmt":"2026-04-29T09:58:30","slug":"dia-nacional-do-mar","status":"publish","type":"post","link":"https:\/\/jf-carvoeira.pt\/web\/dia-nacional-do-mar\/","title":{"rendered":"Carvoeira: terra de liga\u00e7\u00f5es com o Mar"},"content":{"rendered":"\t\t<div data-elementor-type=\"wp-post\" data-elementor-id=\"3786\" class=\"elementor elementor-3786\">\n\t\t\t\t<div class=\"elementor-element elementor-element-2fe18984 e-flex e-con-boxed e-con e-parent\" data-id=\"2fe18984\" data-element_type=\"container\" data-e-type=\"container\">\n\t\t\t\t\t<div class=\"e-con-inner\">\n\t\t\t\t<div class=\"elementor-element elementor-element-bc75bd3 elementor-widget elementor-widget-text-editor\" data-id=\"bc75bd3\" data-element_type=\"widget\" data-e-type=\"widget\" data-widget_type=\"text-editor.default\">\n\t\t\t\t\t\t\t\t\t<div class=\"xdj266r x14z9mp xat24cr x1lziwak x1vvkbs x126k92a\"><div dir=\"auto\"><div class=\"x14z9mp xat24cr x1lziwak x1vvkbs xtlvy1s x126k92a\"><div dir=\"auto\"><div class=\"x14z9mp xat24cr x1lziwak x1vvkbs xtlvy1s x126k92a\"><div dir=\"auto\"><div class=\"x14z9mp xat24cr x1lziwak x1vvkbs xtlvy1s x126k92a\"><div dir=\"auto\"><div class=\"x14z9mp xat24cr x1lziwak x1vvkbs xtlvy1s x126k92a\"><div dir=\"auto\"><div class=\"x14z9mp xat24cr x1lziwak x1vvkbs xtlvy1s x126k92a\"><div dir=\"auto\"><p>Celebra-se hoje o Dia Nacional do Mar, data que surgiu no \u00e2mbito da Conven\u00e7\u00e3o das Na\u00e7\u00f5es Unidas sobre o Direito do Mar, e que entrou em vigor a 16 de novembro de 1994.<\/p><p>A data foi ratificada em Portugal em 1997, e tem como objetivo refor\u00e7ar a import\u00e2ncia do mar para o pa\u00eds e para a economia nacional.<\/p><p>Sabia que 97% do territ\u00f3rio portugu\u00eas, \u00e9 mar?<\/p><p>E a Freguesia da Carvoeira conta com uma liga\u00e7\u00e3o muito pr\u00f3xima com o mar, quer a n\u00edvel das pescas, do com\u00e9rcio mar\u00edtimo e at\u00e9 mesmo com a pr\u00e1tica de surf.<\/p><p>Esta terra gozava de um privil\u00e9gio curioso na sua hist\u00f3ria: no local onde o rio que atravessa a freguesia \u2013 Rio Lizandro desagua no mar, existia um local de vigia, chamado facho, onde se acendia uma fogueira quando era avistada alguma embarca\u00e7\u00e3o dos mouros. Os habitantes da freguesia estavam isentos de serem soldados, mas, em contrapartida, eram obrigados a fazer sentinela ao referido facho, acendendo uma fogueira se necess\u00e1rio fosse.<\/p><p>Hoje em dia as nossas praias s\u00e3o das mais procuradas, quer seja apenas para aproveitar um belo dia de sol e mar, quer seja para a pr\u00e1tica do surf, modalidade que re\u00fane milhares de turistas anualmente para virem aqui encontrar caracter\u00edsticas \u00fanicas para a pr\u00e1tica deste desporto.<\/p><\/div><\/div><\/div><\/div><\/div><\/div><\/div><\/div><\/div><\/div><\/div><\/div>\t\t\t\t\t\t\t\t<\/div>\n\t\t\t\t\t<\/div>\n\t\t\t\t<\/div>\n\t\t\t\t<\/div>\n\t\t","protected":false},"excerpt":{"rendered":"<p>Celebra-se hoje o Dia Nacional do Mar, data que surgiu no \u00e2mbito da Conven\u00e7\u00e3o das Na\u00e7\u00f5es Unidas sobre o Direito do Mar, e que entrou em vigor a 16 de novembro de 1994.<\/p>\n","protected":false},"author":3,"featured_media":3791,"comment_status":"closed","ping_status":"open","sticky":false,"template":"","format":"standard","meta":{"footnotes":""},"categories":[25],"tags":[],"class_list":["post-3786","post","type-post","status-publish","format-standard","has-post-thumbnail","hentry","category-informacoes"],"_links":{"self":[{"href":"https:\/\/jf-carvoeira.pt\/web\/wp-json\/wp\/v2\/posts\/3786","targetHints":{"allow":["GET"]}}],"collection":[{"href":"https:\/\/jf-carvoeira.pt\/web\/wp-json\/wp\/v2\/posts"}],"about":[{"href":"https:\/\/jf-carvoeira.pt\/web\/wp-json\/wp\/v2\/types\/post"}],"author":[{"embeddable":true,"href":"https:\/\/jf-carvoeira.pt\/web\/wp-json\/wp\/v2\/users\/3"}],"replies":[{"embeddable":true,"href":"https:\/\/jf-carvoeira.pt\/web\/wp-json\/wp\/v2\/comments?post=3786"}],"version-history":[{"count":4,"href":"https:\/\/jf-carvoeira.pt\/web\/wp-json\/wp\/v2\/posts\/3786\/revisions"}],"predecessor-version":[{"id":3792,"href":"https:\/\/jf-carvoeira.pt\/web\/wp-json\/wp\/v2\/posts\/3786\/revisions\/3792"}],"wp:featuredmedia":[{"embeddable":true,"href":"https:\/\/jf-carvoeira.pt\/web\/wp-json\/wp\/v2\/media\/3791"}],"wp:attachment":[{"href":"https:\/\/jf-carvoeira.pt\/web\/wp-json\/wp\/v2\/media?parent=3786"}],"wp:term":[{"taxonomy":"category","embeddable":true,"href":"https:\/\/jf-carvoeira.pt\/web\/wp-json\/wp\/v2\/categories?post=3786"},{"taxonomy":"post_tag","embeddable":true,"href":"https:\/\/jf-carvoeira.pt\/web\/wp-json\/wp\/v2\/tags?post=3786"}],"curies":[{"name":"wp","href":"https:\/\/api.w.org\/{rel}","templated":true}]}}