{"id":3793,"date":"2021-11-12T09:59:00","date_gmt":"2021-11-12T09:59:00","guid":{"rendered":"https:\/\/jf-carvoeira.pt\/web\/?p=3793"},"modified":"2026-04-29T10:05:01","modified_gmt":"2026-04-29T10:05:01","slug":"reforcos-das-margens-do-rio-lizandro","status":"publish","type":"post","link":"https:\/\/jf-carvoeira.pt\/web\/reforcos-das-margens-do-rio-lizandro\/","title":{"rendered":"Interven\u00e7\u00e3o de refor\u00e7o das margens do Rio Lizandro"},"content":{"rendered":"\t\t<div data-elementor-type=\"wp-post\" data-elementor-id=\"3793\" class=\"elementor elementor-3793\">\n\t\t\t\t<div class=\"elementor-element elementor-element-2fe18984 e-flex e-con-boxed e-con e-parent\" data-id=\"2fe18984\" data-element_type=\"container\" data-e-type=\"container\">\n\t\t\t\t\t<div class=\"e-con-inner\">\n\t\t\t\t<div class=\"elementor-element elementor-element-bc75bd3 elementor-widget elementor-widget-text-editor\" data-id=\"bc75bd3\" data-element_type=\"widget\" data-e-type=\"widget\" data-widget_type=\"text-editor.default\">\n\t\t\t\t\t\t\t\t\t<div class=\"xdj266r x14z9mp xat24cr x1lziwak x1vvkbs x126k92a\"><div dir=\"auto\"><div class=\"x14z9mp xat24cr x1lziwak x1vvkbs xtlvy1s x126k92a\"><div dir=\"auto\"><div class=\"x14z9mp xat24cr x1lziwak x1vvkbs xtlvy1s x126k92a\"><div dir=\"auto\"><div class=\"x14z9mp xat24cr x1lziwak x1vvkbs xtlvy1s x126k92a\"><div dir=\"auto\"><div class=\"x14z9mp xat24cr x1lziwak x1vvkbs xtlvy1s x126k92a\"><div dir=\"auto\"><div class=\"x14z9mp xat24cr x1lziwak x1vvkbs xtlvy1s x126k92a\"><div dir=\"auto\"><p>Deram in\u00edcio esta 4\u00aa feira as interven\u00e7\u00f5es para refor\u00e7o das margens do Rio Lizandro, causadas pelas \u00faltimas cheias do inverno passado.<\/p><p>Estas interven\u00e7\u00f5es est\u00e3o a cargo da C\u00e2mara Municipal de Mafra e da Ag\u00eancia Portuguesa do Ambiente e t\u00eam previsto o refor\u00e7o de in\u00fameros pontos em que as margens do rio abateram durante as \u00faltimas grandes cheias. Os trabalhos deram in\u00edcio esta semana junto \u00e0 ponte da Sr\u00aa do \u00d3 e prolongar-se-\u00e3o a todo o Vale do Lizandro.<\/p><\/div><\/div><\/div><\/div><\/div><\/div><\/div><\/div><\/div><\/div><\/div><\/div>\t\t\t\t\t\t\t\t<\/div>\n\t\t\t\t\t<\/div>\n\t\t\t\t<\/div>\n\t\t\t\t<\/div>\n\t\t","protected":false},"excerpt":{"rendered":"<p>Deram in\u00edcio esta 4\u00aa feira as interven\u00e7\u00f5es para refor\u00e7o das margens do Rio Lizandro, causadas pelas \u00faltimas cheias do inverno passado.<\/p>\n<p>Estas interven\u00e7\u00f5es est\u00e3o a cargo da C\u00e2mara Municipal de Mafra e da Ag\u00eancia Portuguesa do Ambiente e t\u00eam previsto o refor\u00e7o de in\u00fameros pontos em que as margens do rio abateram durante as \u00faltimas grandes cheias.<\/p>\n","protected":false},"author":3,"featured_media":3797,"comment_status":"closed","ping_status":"open","sticky":false,"template":"","format":"standard","meta":{"footnotes":""},"categories":[25],"tags":[],"class_list":["post-3793","post","type-post","status-publish","format-standard","has-post-thumbnail","hentry","category-informacoes"],"_links":{"self":[{"href":"https:\/\/jf-carvoeira.pt\/web\/wp-json\/wp\/v2\/posts\/3793","targetHints":{"allow":["GET"]}}],"collection":[{"href":"https:\/\/jf-carvoeira.pt\/web\/wp-json\/wp\/v2\/posts"}],"about":[{"href":"https:\/\/jf-carvoeira.pt\/web\/wp-json\/wp\/v2\/types\/post"}],"author":[{"embeddable":true,"href":"https:\/\/jf-carvoeira.pt\/web\/wp-json\/wp\/v2\/users\/3"}],"replies":[{"embeddable":true,"href":"https:\/\/jf-carvoeira.pt\/web\/wp-json\/wp\/v2\/comments?post=3793"}],"version-history":[{"count":5,"href":"https:\/\/jf-carvoeira.pt\/web\/wp-json\/wp\/v2\/posts\/3793\/revisions"}],"predecessor-version":[{"id":3801,"href":"https:\/\/jf-carvoeira.pt\/web\/wp-json\/wp\/v2\/posts\/3793\/revisions\/3801"}],"wp:featuredmedia":[{"embeddable":true,"href":"https:\/\/jf-carvoeira.pt\/web\/wp-json\/wp\/v2\/media\/3797"}],"wp:attachment":[{"href":"https:\/\/jf-carvoeira.pt\/web\/wp-json\/wp\/v2\/media?parent=3793"}],"wp:term":[{"taxonomy":"category","embeddable":true,"href":"https:\/\/jf-carvoeira.pt\/web\/wp-json\/wp\/v2\/categories?post=3793"},{"taxonomy":"post_tag","embeddable":true,"href":"https:\/\/jf-carvoeira.pt\/web\/wp-json\/wp\/v2\/tags?post=3793"}],"curies":[{"name":"wp","href":"https:\/\/api.w.org\/{rel}","templated":true}]}}