{"id":3826,"date":"2019-12-15T10:50:00","date_gmt":"2019-12-15T10:50:00","guid":{"rendered":"https:\/\/jf-carvoeira.pt\/web\/?p=3826"},"modified":"2026-04-29T10:54:48","modified_gmt":"2026-04-29T10:54:48","slug":"apresentacao-do-novo-logotipo","status":"publish","type":"post","link":"https:\/\/jf-carvoeira.pt\/web\/apresentacao-do-novo-logotipo\/","title":{"rendered":"Apresenta\u00e7\u00e3o do Novo Logotipo"},"content":{"rendered":"\t\t<div data-elementor-type=\"wp-post\" data-elementor-id=\"3826\" class=\"elementor elementor-3826\">\n\t\t\t\t<div class=\"elementor-element elementor-element-2fe18984 e-flex e-con-boxed e-con e-parent\" data-id=\"2fe18984\" data-element_type=\"container\" data-e-type=\"container\">\n\t\t\t\t\t<div class=\"e-con-inner\">\n\t\t\t\t<div class=\"elementor-element elementor-element-bc75bd3 elementor-widget elementor-widget-text-editor\" data-id=\"bc75bd3\" data-element_type=\"widget\" data-e-type=\"widget\" data-widget_type=\"text-editor.default\">\n\t\t\t\t\t\t\t\t\t<div class=\"xdj266r x14z9mp xat24cr x1lziwak x1vvkbs x126k92a\"><div dir=\"auto\"><div class=\"x14z9mp xat24cr x1lziwak x1vvkbs xtlvy1s x126k92a\"><div dir=\"auto\"><div class=\"x14z9mp xat24cr x1lziwak x1vvkbs xtlvy1s x126k92a\"><div dir=\"auto\"><div class=\"x14z9mp xat24cr x1lziwak x1vvkbs xtlvy1s x126k92a\"><div dir=\"auto\"><div class=\"x14z9mp xat24cr x1lziwak x1vvkbs xtlvy1s x126k92a\"><div dir=\"auto\"><div class=\"x14z9mp xat24cr x1lziwak x1vvkbs xtlvy1s x126k92a\"><div dir=\"auto\"><p>A ideia de criar uma nova imagem para a Junta de Freguesia da Carvoeira j\u00e1 existia h\u00e1 muito tempo.<\/p><p>Procur\u00e1vamos na nossas ra\u00edzes, na Carvoeira mais cosmopolita\u2026mas n\u00e3o encontr\u00e1vamos algo que fosse \u00fanico, moderno e surpreendente para todos, n\u00e3o quer\u00edamos mais do mesmo!<\/p><p>At\u00e9 que um dia a inspira\u00e7\u00e3o surgiu, depois de v\u00e1rias horas a analisar um territ\u00f3rio que inclu\u00eda esta freguesia, para preparar uma prova desportiva, Jo\u00e3o Amorim descobriu a forma em cora\u00e7\u00e3o que emoldura a localidade da Carvoeira.<\/p><p>Estava assim encontrada a inspira\u00e7\u00e3o para o novo log\u00f3tipo da Freguesia da Carvoeira.<\/p><p>Seria em forma de cora\u00e7\u00e3o com as cores do rio Lizandro, do Oceano Atl\u00e2ntico, da v\u00e1rzea da Senhora do \u00d3, das fal\u00e9zias das praias da Foz do Lizandro e S\u00e3o Juli\u00e3o. Na sua g\u00e9nese est\u00e1 um sentimento de uni\u00e3o, de perten\u00e7a, por isso, na sua apresenta\u00e7\u00e3o s\u00e3o nomeados todos os lugares que integram esta Freguesia, para que todos se sintam inclu\u00eddos dentro deste cora\u00e7\u00e3o!<\/p><p>Entretanto, a ideia estava montada e foi apresentada ao Jos\u00e9 Calapez que a concretizou na perfei\u00e7\u00e3o.<\/p><p>Quando algu\u00e9m consegue colocar em pr\u00e1tica uma ideia de outra pessoa acontece magia\u2026<\/p><\/div><\/div><\/div><\/div><\/div><\/div><\/div><\/div><\/div><\/div><\/div><\/div>\t\t\t\t\t\t\t\t<\/div>\n\t\t\t\t\t<\/div>\n\t\t\t\t<\/div>\n\t\t\t\t<\/div>\n\t\t","protected":false},"excerpt":{"rendered":"<p>A ideia de criar uma nova imagem para a Junta de Freguesia da Carvoeira j\u00e1 existia h\u00e1 muito tempo.<br \/>\nProcur\u00e1vamos na nossas ra\u00edzes, na Carvoeira mais cosmopolita\u2026mas n\u00e3o encontr\u00e1vamos algo que fosse \u00fanico, moderno e surpreendente para todos, n\u00e3o quer\u00edamos mais do mesmo!<\/p>\n","protected":false},"author":3,"featured_media":3831,"comment_status":"closed","ping_status":"open","sticky":false,"template":"","format":"standard","meta":{"footnotes":""},"categories":[25],"tags":[],"class_list":["post-3826","post","type-post","status-publish","format-standard","has-post-thumbnail","hentry","category-informacoes"],"_links":{"self":[{"href":"https:\/\/jf-carvoeira.pt\/web\/wp-json\/wp\/v2\/posts\/3826","targetHints":{"allow":["GET"]}}],"collection":[{"href":"https:\/\/jf-carvoeira.pt\/web\/wp-json\/wp\/v2\/posts"}],"about":[{"href":"https:\/\/jf-carvoeira.pt\/web\/wp-json\/wp\/v2\/types\/post"}],"author":[{"embeddable":true,"href":"https:\/\/jf-carvoeira.pt\/web\/wp-json\/wp\/v2\/users\/3"}],"replies":[{"embeddable":true,"href":"https:\/\/jf-carvoeira.pt\/web\/wp-json\/wp\/v2\/comments?post=3826"}],"version-history":[{"count":4,"href":"https:\/\/jf-carvoeira.pt\/web\/wp-json\/wp\/v2\/posts\/3826\/revisions"}],"predecessor-version":[{"id":3832,"href":"https:\/\/jf-carvoeira.pt\/web\/wp-json\/wp\/v2\/posts\/3826\/revisions\/3832"}],"wp:featuredmedia":[{"embeddable":true,"href":"https:\/\/jf-carvoeira.pt\/web\/wp-json\/wp\/v2\/media\/3831"}],"wp:attachment":[{"href":"https:\/\/jf-carvoeira.pt\/web\/wp-json\/wp\/v2\/media?parent=3826"}],"wp:term":[{"taxonomy":"category","embeddable":true,"href":"https:\/\/jf-carvoeira.pt\/web\/wp-json\/wp\/v2\/categories?post=3826"},{"taxonomy":"post_tag","embeddable":true,"href":"https:\/\/jf-carvoeira.pt\/web\/wp-json\/wp\/v2\/tags?post=3826"}],"curies":[{"name":"wp","href":"https:\/\/api.w.org\/{rel}","templated":true}]}}